{"id":113,"date":"2018-03-27T09:20:00","date_gmt":"2018-03-27T09:20:00","guid":{"rendered":""},"modified":"2018-09-20T15:52:32","modified_gmt":"2018-09-20T15:52:32","slug":"dia-del-libro-infantil-clara-albori-patricia-ramirez-angela-muro-y-libro-dejachupetes","status":"publish","type":"post","link":"https:\/\/blogs.santosochoa.es\/logrono\/dia-del-libro-infantil-clara-albori-patricia-ramirez-angela-muro-y-libro-dejachupetes\/","title":{"rendered":"D\u00eda del Libro Infantil, Clara \u00c1lbori, Patricia Ram\u00edrez, \u00c1ngela Muro y Libro Dejachupetes"},"content":{"rendered":"<p><span style=\"color: #990000\"><span style=\"font-size: x-large\"><span><i><b>D\u00eda del Libro Infantil<\/b><\/i>. Cuentos y juegos para ni\u00f1os<\/span><\/span><\/span><span style=\"font-size: large\">&nbsp;<\/span><\/p>\n<div style=\"clear: both;text-align: center\"><a href=\"https:\/\/blogs.santosochoa.es\/logrono\/wp-content\/uploads\/sites\/2\/2018\/03\/como-atrapar-una-estrella.jpg\" style=\"clear: left;float: left;margin-bottom: 1em;margin-right: 1em\"><img loading=\"lazy\" decoding=\"async\" border=\"0\" height=\"200\" src=\"https:\/\/blogs.santosochoa.es\/logrono\/wp-content\/uploads\/sites\/2\/2018\/03\/como-atrapar-una-estrella-288x300.jpg\" width=\"191\" \/><\/a><\/div>\n<p><span style=\"font-size: large\">Lunes 2 de abril<\/span><br \/><span style=\"font-size: large\">Por la ma\u00f1ana de 12:30 a 13:30<\/span><br \/><span style=\"font-size: large\">Por la tarde de 18:00 a 19:00 h.<\/span><br \/>Espacio Santos Ochoa. Calvo Sotelo, 19. <\/p>\n<p><b>Edad:<\/b> de 3 a 6 a\u00f1os<br \/>Entrada libre hasta completar aforo<\/p>\n<p><span style=\"color: #0b5394\"><b>El D\u00eda del Libro Infantil se celebra desde 1967 para promover la lectura entre los m\u00e1s peque\u00f1os. Es el 2 de abril porque es el aniversario del nacimiento de Hans Christian Andersen, el autor de cuentos tan famosos como <i>La sirenita, El patito feo<\/i> o <i>El soldadito de plomo<\/i>.<\/b><\/span><\/p>\n<p>Para celebrar esta fiesta tan especial, invitamos a los ni\u00f1os a una sesi\u00f3n de cuentos y juegos en la librer\u00eda.<\/p>\n<p><span style=\"color: #990000\"><span style=\"font-size: x-large\"><span>Clara \u00c1lbori presenta la novela <i><b>No me rindo contigo<\/b><\/i><\/span><\/span><\/span><i><b><br \/><\/b><\/i><span style=\"font-size: large\">Martes 3 de abril, a las 19:30 h.<\/span><br \/>Espacio Santos Ochoa. Calvo Sotelo, 19.<\/p>\n<div style=\"clear: both;text-align: center\"><a href=\"https:\/\/blogs.santosochoa.es\/logrono\/wp-content\/uploads\/sites\/2\/2018\/03\/no-me-rindo-contigo_clara-albori.jpg\" style=\"clear: right;float: right;margin-bottom: 1em;margin-left: 1em\"><img loading=\"lazy\" decoding=\"async\" border=\"0\" height=\"320\" src=\"https:\/\/blogs.santosochoa.es\/logrono\/wp-content\/uploads\/sites\/2\/2018\/03\/no-me-rindo-contigo_clara-albori-196x300.jpg\" width=\"209\" \/><\/a><\/div>\n<p><span style=\"color: #0b5394\"><b>Los sue\u00f1os de Amy se han roto en mil pedazos. Eso fue lo que le ocurri\u00f3 tras presenciar la muerte de su padre. Dos a\u00f1os despu\u00e9s del fatal acontecimiento, Amy ha dejado atr\u00e1s su sue\u00f1o de bailarina y se ha vuelto una mujer fr\u00eda y sin sentimientos. Sin embargo, su vida dar\u00e1 un giro de 180 grados cuando aparezca \u00c1lex, un expresidiario que comienza a reinsertarse en la sociedad.<\/b><\/span><\/p>\n<p>Amy no soporta trabajar a su lado e intentar\u00e1 que dimita, pero con lo que no cuenta es con que \u00c1lex no piensa rendirse y har\u00e1 todo lo posible para que esa chica vuelva a sonre\u00edr. Aunque no siempre los caminos son de rosas, pues el pasado sigue teniendo un gran peso en el presente, y Amy deber\u00e1 terminar lo que su padre empez\u00f3 sin saber qu\u00e9 sucedi\u00f3 aquella noche en la que un hombre acab\u00f3 con su vida de tres disparos. \u00bfEstar\u00e1 preparada para descubrir la verdad?<\/p>\n<p><i><b>\u00abUna aventura fresca, pasional y que te atrapa con sus protagonistas desde las primeras p\u00e1ginas, la genial escritora de rom\u00e1ntica Clara \u00c1lbori es sin duda un gran referente para la rom\u00e1ntica actual\u00bb.<\/b><\/i><\/p>\n<p><b>Clara \u00c1lbori<\/b> naci\u00f3 en 1996 en Logro\u00f1o y estudia Magisterio Infantil en la Universidad de La Rioja. Desde peque\u00f1a le gustaron los cuentos y las historias, pero fue a los trece a\u00f1os cuando descubri\u00f3 que su pasi\u00f3n eran los libros rom\u00e1nticos. Su af\u00e1n por escribir lo descubri\u00f3 cuando se present\u00f3 a un concurso de relatos y lo gan\u00f3. A los diecisiete a\u00f1os escribi\u00f3 su primera novela y ya ha publicado entre otras <i>Despi\u00e9rtame con un beso, La magia de aquel d\u00eda, Eres mi mejor sue\u00f1o <\/i>y <i>Prom\u00e9teme todos tus d\u00edas<\/i>.<\/p>\n<p><span style=\"color: #990000\"><span style=\"font-size: x-large\"><span>Charla y nuevo libro de la psic\u00f3loga Patricia Ram\u00edrez: <i><b>Si salieras a vivir&#8230;<\/b><\/i><\/span><\/span><\/span><br \/><span style=\"font-size: large\">Mi\u00e9rcoles 4 de abril, a las 19:00 h.<\/span><br \/>Espacio Santos Ochoa. Calvo Sotelo, 19.<\/p>\n<div style=\"clear: both;text-align: center\"><a href=\"https:\/\/blogs.santosochoa.es\/logrono\/wp-content\/uploads\/sites\/2\/2018\/03\/si-salieras-a-vivir_patricia-ramirez.jpg\" style=\"clear: left;float: left;margin-bottom: 1em;margin-right: 1em\"><img loading=\"lazy\" decoding=\"async\" border=\"0\" height=\"320\" src=\"https:\/\/blogs.santosochoa.es\/logrono\/wp-content\/uploads\/sites\/2\/2018\/03\/si-salieras-a-vivir_patricia-ramirez-250x300.jpg\" width=\"266\" \/><\/a><\/div>\n<p><i><span style=\"color: #0b5394\"><b>\u00abSi salieras a vivir&#8230; \u00bfQu\u00e9 har\u00edas para tener un d\u00eda pleno?\u00bb<\/b><\/span><\/i><span style=\"color: #0b5394\"><b> Al compartir esta pregunta en las redes sociales, @patri_psicologa obtuvo respuestas sencillas, que no cuestan dinero y que son f\u00e1ciles de llevar a cabo: pasear por la orilla del mar, ir andando a trabajar, tomar un caf\u00e9 sin prisas, jugar al f\u00fatbol con la ilusi\u00f3n de un ni\u00f1o, plantar hierbabuena&#8230;<\/b><\/span><\/p>\n<p>La vida no es perfecta, pero tu actitud s\u00ed puede serlo. Superarte, cambiar o plantearte metas es algo que deber elegir t\u00fa. Independientemente del momento en el que te encuentres y de las circunstancias por las que atravieses, siempre tienes la libertad de elegir c\u00f3mo enfrentarte a cada situaci\u00f3n. Porque la actitud no lo es todo, pero s\u00ed es el motor para alcanzar tus deseos. Y en el mundo hay actitud para todos, y en grandes cantidades. Sal a luchar por la raci\u00f3n que te toca.<\/p>\n<p>Tenemos la suerte, adem\u00e1s, de poder entrenar la actitud, es decir, de afinar en aquello que nos falte para ser m\u00e1s felices, eficaces, h\u00e1biles y estar m\u00e1s serenos. A trav\u00e9s de doce h\u00e1bitos saludables -la organizaci\u00f3n y planificaci\u00f3n, el control de la ansiedad, la alimentaci\u00f3n, saber decir \u00abno\u00bb, dedicar tiempo a uno mismo, la amabilidad, el autocontrol y la fuerza de voluntad, el ejercicio f\u00edsico, el amor, la comunicaci\u00f3n, una mente activa y la autoestima-, este libro entabla un di\u00e1logo muy rico entre autor y lector, con numerosos esquemas, ejercicios y post-its que lo ilustran, para que puedas entrenar tus pensamientos, emociones y comportamientos y llegar al puerto que elijas.<\/p>\n<p><b>Patricia Ram\u00edrez<\/b>, fundadora y directora del centro de psicolog\u00eda y neuropsicolog\u00eda cl\u00ednica Ram\u00edrez Caracuel en Granada, ha sido psic\u00f3loga deportiva del Betis, del Mallorca y de muchos deportistas de alto rendimiento. Colabora en televisi\u00f3n y en prensa escrita. Asimismo, es formadora y conferenciante. Ha publicado los libros <i>Entr\u00e9nate para la vida, \u00bfPor qu\u00e9 ellos sue\u00f1an con ser futbolistas y ellas princesas?, As\u00ed lideras, as\u00ed compites<\/i> y <i>Cuenta contigo<\/i>.<\/p>\n<p><span style=\"color: #990000\"><span style=\"font-size: x-large\"><span><br \/><\/span><\/span><\/span><span style=\"color: #990000\"><span style=\"font-size: x-large\"><span>\u00c1ngela Muro presenta su \u00faltimo disco, <i><b>Cuentos chinos de La Habana<\/b><\/i><\/span><\/span><\/span><br \/><span style=\"font-size: large\">Jueves 5 de abril, a las 19:30 h.<\/span><br \/>Espacio Santos Ochoa. Calvo Sotelo, 19.<\/p>\n<div style=\"clear: both;text-align: center\"><a href=\"https:\/\/blogs.santosochoa.es\/logrono\/wp-content\/uploads\/sites\/2\/2018\/03\/cuentos-chinos-de-la-habana.jpg\" style=\"clear: right;float: right;margin-bottom: 1em;margin-left: 1em\"><img loading=\"lazy\" decoding=\"async\" border=\"0\" height=\"320\" src=\"https:\/\/blogs.santosochoa.es\/logrono\/wp-content\/uploads\/sites\/2\/2018\/03\/cuentos-chinos-de-la-habana-289x300.jpg\" width=\"307\" \/><\/a><\/div>\n<p><span style=\"color: #0b5394\"><b><i>Cuentos chinos de La Habana<\/i> es una forma de entender la m\u00fasica y la vida, en la que no caben las interpretaciones lights o descafeinadas, adem\u00e1s de un homenaje a las voces que acompa\u00f1aron a esta artista desde ni\u00f1a: Cafrune, Gardel, Chabuca Granda, Silvio Rodr\u00edguez, Jobin o el mismo Mach\u00edn, han servido de inspiraci\u00f3n para componer las canciones que conforman este disco. Un personal repertorio que se nutre del folklore latinoamericano, aunque con claras influencias del jazz, el blues, e incluso el flamenco.<\/b><\/span><\/p>\n<p>Es complicado no dejarse llevar por las letras de esta autora e int\u00e9rprete, a trav\u00e9s de la emoci\u00f3n de su voz magistral, rotunda y rica en matices, que vive lo que canta \u201cen carne y alma\u201d. Mucho m\u00e1s cuando las presenta envueltas en ricas armon\u00edas y ritmos de cadencia c\u00e1lida y elegante, llevando a quien las escucha, a una Sudam\u00e9rica omnipresente en todas sus nuevas composiciones, disfrutando tambi\u00e9n de la calidad art\u00edstica y profesional de los m\u00fasicos que la acompa\u00f1an. <\/p>\n<p>\u00c1ngela Muro es una de esas artistas que se recuerdan con solo escucharla una sola vez y estos <i>Cuentos Chinos de La Habana<\/i> quedar\u00e1n sin duda en la memoria de quienes ya se han hecho adeptos y adictos a su m\u00fasica.<\/p>\n<p>La logro\u00f1esa <b>\u00c1ngela Muro<\/b> es actriz, cantante y compositora. Tiene estudios de canto, guitarra, piano, teatro, doblaje, rehabilitaci\u00f3n vocal, etc. Ha desarrollado su carrera profesional en caf\u00e9s concierto, grandes escenarios, teatros, televisi\u00f3n, radio y estudios de grabaci\u00f3n. Combina su carrera art\u00edstica con la docente, como entrenadora y rehabilitadora vocal. Ha sido vocalista de Amaya Uranga (Mocedades), Sara Montiel, Massiel, Francisco o Lolita. Ha participado en los musicales como <i>Los miserables, Estamos en el aire, Al final del arco iris<\/i>\u2026 Y ha grabado cuatro discos en solitario: <i>Extra\u00f1o mineral, Marr\u00f3n glac\u00e9, Para\u00edso terrenal<\/i> y <i>Cuentos chinos de La Habana<\/i>.<\/p>\n<p>El s\u00e1bado 7 de abril, a las 20:30 h. \u00c1ngela Muro estrenar\u00e1 este nuevo disco en un concierto en Riojaforum.<\/p>\n<p><span style=\"color: #990000\"><span style=\"font-size: x-large\"><span>Taller infantil: <b><i>El libro dejachupetes<\/i><\/b><\/span><\/span><\/span><br \/><span style=\"font-size: large\">S\u00e1bado 7 de abril. Dos sesiones: 12:00 y 12:30 h.<\/span><br \/><span style=\"color: #38761d\"><b>Leo y Juego en Santos Ochoa (Gran V\u00eda, 55)<\/b><\/span><\/p>\n<div style=\"clear: both;text-align: center\"><a href=\"https:\/\/blogs.santosochoa.es\/logrono\/wp-content\/uploads\/sites\/2\/2018\/03\/el-libro-dejachupetes.jpg\" style=\"clear: left;float: left;margin-bottom: 1em;margin-right: 1em\"><img loading=\"lazy\" decoding=\"async\" border=\"0\" height=\"200\" src=\"https:\/\/blogs.santosochoa.es\/logrono\/wp-content\/uploads\/sites\/2\/2018\/03\/el-libro-dejachupetes-296x300.jpg\" width=\"196\" \/><\/a><\/div>\n<p><b>Edad:<\/b> a partir de 2 a\u00f1os<br \/><b>Inscripci\u00f3n gratuita<\/b> en <a href=\"http:\/\/www.leoyjuego.es\/\" target=\"_blank\">www.leoyjuego.es<\/a><\/p>\n<p><span style=\"color: #0b5394\"><b>Dejar el chupete puede ser f\u00e1cil y divertido, solo hace falta un poco de paciencia, ternura y un buen cuento.<\/b><\/span><\/p>\n<p><span style=\"color: #0b5394\"><b>Con El libro dejachupetes papis y peques encontrar\u00e1n diez maneras creativas y rimadas para afrontar ese duro momento con mucho humor.<\/b><\/span><i>&nbsp;<\/i><\/p>\n<p>En esta ocasi\u00f3n, adem\u00e1s, contaremos con los <b>consejos de higiene dental del Doctor Eduardo Bujanda<\/b>, que nos ense\u00f1ar\u00e1 a cuidarnos los dientes desde peque\u00f1os para mantenerlos sanos y fuertes toda la vida.<\/p>\n<p><i>El libro definitivo<\/i><br \/><i>para dejar el chupete.<\/i><br \/><i>A trav\u00e9s de diez amigos:<\/i><br \/><i>\u00a1diez maneras diferentes!<\/i><\/p>\n","protected":false},"excerpt":{"rendered":"<p>D\u00eda del Libro Infantil. Cuentos y juegos para ni\u00f1os&nbsp; Lunes 2 de abrilPor la ma\u00f1ana de 12:30 a 13:30Por la tarde de 18:00 a 19:00 h.Espacio Santos Ochoa. Calvo Sotelo, 19. Edad: de 3 a 6 a\u00f1osEntrada libre hasta completar aforo El D\u00eda del Libro Infantil se celebra desde 1967 para promover la lectura entre [&hellip;]<\/p>\n","protected":false},"author":4,"featured_media":450,"comment_status":"open","ping_status":"open","sticky":false,"template":"","format":"standard","meta":{"footnotes":""},"categories":[10,15,16,12,13,17],"tags":[],"class_list":["post-113","post","type-post","status-publish","format-standard","has-post-thumbnail","hentry","category-charlas","category-cuentacuentos","category-el-arte-de-vivir","category-libros","category-libros-do-rioja","category-musica"],"yoast_head":"<!-- This site is optimized with the Yoast SEO plugin v27.2 - https:\/\/yoast.com\/product\/yoast-seo-wordpress\/ -->\n<title>D\u00eda del Libro Infantil, Clara \u00c1lbori, Patricia Ram\u00edrez, \u00c1ngela Muro y Libro Dejachupetes - Santos Ochoa Logro\u00f1o<\/title>\n<meta name=\"robots\" content=\"index, follow, max-snippet:-1, max-image-preview:large, max-video-preview:-1\" \/>\n<link rel=\"canonical\" href=\"https:\/\/blogs.santosochoa.es\/logrono\/dia-del-libro-infantil-clara-albori-patricia-ramirez-angela-muro-y-libro-dejachupetes\/\" \/>\n<meta property=\"og:locale\" content=\"es_ES\" \/>\n<meta property=\"og:type\" content=\"article\" \/>\n<meta property=\"og:title\" content=\"D\u00eda del Libro Infantil, Clara \u00c1lbori, Patricia Ram\u00edrez, \u00c1ngela Muro y Libro Dejachupetes - Santos Ochoa Logro\u00f1o\" \/>\n<meta property=\"og:description\" content=\"D\u00eda del Libro Infantil. Cuentos y juegos para ni\u00f1os&nbsp; Lunes 2 de abrilPor la ma\u00f1ana de 12:30 a 13:30Por la tarde de 18:00 a 19:00 h.Espacio Santos Ochoa. Calvo Sotelo, 19. Edad: de 3 a 6 a\u00f1osEntrada libre hasta completar aforo El D\u00eda del Libro Infantil se celebra desde 1967 para promover la lectura entre [&hellip;]\" \/>\n<meta property=\"og:url\" content=\"https:\/\/blogs.santosochoa.es\/logrono\/dia-del-libro-infantil-clara-albori-patricia-ramirez-angela-muro-y-libro-dejachupetes\/\" \/>\n<meta property=\"og:site_name\" content=\"Santos Ochoa Logro\u00f1o\" \/>\n<meta property=\"article:author\" content=\"https:\/\/www.facebook.com\/santosochoalog\" \/>\n<meta property=\"article:published_time\" content=\"2018-03-27T09:20:00+00:00\" \/>\n<meta property=\"article:modified_time\" content=\"2018-09-20T15:52:32+00:00\" \/>\n<meta property=\"og:image\" content=\"https:\/\/blogs.santosochoa.es\/logrono\/wp-content\/uploads\/sites\/2\/2018\/03\/como-atrapar-una-estrella.jpg\" \/>\n\t<meta property=\"og:image:width\" content=\"709\" \/>\n\t<meta property=\"og:image:height\" content=\"738\" \/>\n\t<meta property=\"og:image:type\" content=\"image\/jpeg\" \/>\n<meta name=\"author\" content=\"Santos Ochoa Logro\u00f1o\" \/>\n<meta name=\"twitter:card\" content=\"summary_large_image\" \/>\n<meta name=\"twitter:creator\" content=\"@santosochoalog\" \/>\n<meta name=\"twitter:label1\" content=\"Written by\" \/>\n\t<meta name=\"twitter:data1\" content=\"Santos Ochoa Logro\u00f1o\" \/>\n\t<meta name=\"twitter:label2\" content=\"Est. reading time\" \/>\n\t<meta name=\"twitter:data2\" content=\"7 minutos\" \/>\n<script type=\"application\/ld+json\" class=\"yoast-schema-graph\">{\"@context\":\"https:\/\/schema.org\",\"@graph\":[{\"@type\":\"Article\",\"@id\":\"https:\/\/blogs.santosochoa.es\/logrono\/dia-del-libro-infantil-clara-albori-patricia-ramirez-angela-muro-y-libro-dejachupetes\/#article\",\"isPartOf\":{\"@id\":\"https:\/\/blogs.santosochoa.es\/logrono\/dia-del-libro-infantil-clara-albori-patricia-ramirez-angela-muro-y-libro-dejachupetes\/\"},\"author\":{\"name\":\"Santos Ochoa Logro\u00f1o\",\"@id\":\"https:\/\/blogs.santosochoa.es\/logrono\/#\/schema\/person\/103664eb8c60fbeea1880c704687c2e3\"},\"headline\":\"D\u00eda del Libro Infantil, Clara \u00c1lbori, Patricia Ram\u00edrez, \u00c1ngela Muro y Libro Dejachupetes\",\"datePublished\":\"2018-03-27T09:20:00+00:00\",\"dateModified\":\"2018-09-20T15:52:32+00:00\",\"mainEntityOfPage\":{\"@id\":\"https:\/\/blogs.santosochoa.es\/logrono\/dia-del-libro-infantil-clara-albori-patricia-ramirez-angela-muro-y-libro-dejachupetes\/\"},\"wordCount\":1334,\"commentCount\":0,\"image\":{\"@id\":\"https:\/\/blogs.santosochoa.es\/logrono\/dia-del-libro-infantil-clara-albori-patricia-ramirez-angela-muro-y-libro-dejachupetes\/#primaryimage\"},\"thumbnailUrl\":\"https:\/\/blogs.santosochoa.es\/logrono\/wp-content\/uploads\/sites\/2\/2018\/03\/como-atrapar-una-estrella.jpg\",\"articleSection\":[\"charlas\",\"cuentacuentos\",\"el arte de vivir\",\"libros\",\"libros do rioja\",\"m\u00fasica\"],\"inLanguage\":\"es\",\"potentialAction\":[{\"@type\":\"CommentAction\",\"name\":\"Comment\",\"target\":[\"https:\/\/blogs.santosochoa.es\/logrono\/dia-del-libro-infantil-clara-albori-patricia-ramirez-angela-muro-y-libro-dejachupetes\/#respond\"]}]},{\"@type\":\"WebPage\",\"@id\":\"https:\/\/blogs.santosochoa.es\/logrono\/dia-del-libro-infantil-clara-albori-patricia-ramirez-angela-muro-y-libro-dejachupetes\/\",\"url\":\"https:\/\/blogs.santosochoa.es\/logrono\/dia-del-libro-infantil-clara-albori-patricia-ramirez-angela-muro-y-libro-dejachupetes\/\",\"name\":\"D\u00eda del Libro Infantil, Clara \u00c1lbori, Patricia Ram\u00edrez, \u00c1ngela Muro y Libro Dejachupetes - Santos Ochoa Logro\u00f1o\",\"isPartOf\":{\"@id\":\"https:\/\/blogs.santosochoa.es\/logrono\/#website\"},\"primaryImageOfPage\":{\"@id\":\"https:\/\/blogs.santosochoa.es\/logrono\/dia-del-libro-infantil-clara-albori-patricia-ramirez-angela-muro-y-libro-dejachupetes\/#primaryimage\"},\"image\":{\"@id\":\"https:\/\/blogs.santosochoa.es\/logrono\/dia-del-libro-infantil-clara-albori-patricia-ramirez-angela-muro-y-libro-dejachupetes\/#primaryimage\"},\"thumbnailUrl\":\"https:\/\/blogs.santosochoa.es\/logrono\/wp-content\/uploads\/sites\/2\/2018\/03\/como-atrapar-una-estrella.jpg\",\"datePublished\":\"2018-03-27T09:20:00+00:00\",\"dateModified\":\"2018-09-20T15:52:32+00:00\",\"author\":{\"@id\":\"https:\/\/blogs.santosochoa.es\/logrono\/#\/schema\/person\/103664eb8c60fbeea1880c704687c2e3\"},\"breadcrumb\":{\"@id\":\"https:\/\/blogs.santosochoa.es\/logrono\/dia-del-libro-infantil-clara-albori-patricia-ramirez-angela-muro-y-libro-dejachupetes\/#breadcrumb\"},\"inLanguage\":\"es\",\"potentialAction\":[{\"@type\":\"ReadAction\",\"target\":[\"https:\/\/blogs.santosochoa.es\/logrono\/dia-del-libro-infantil-clara-albori-patricia-ramirez-angela-muro-y-libro-dejachupetes\/\"]}]},{\"@type\":\"ImageObject\",\"inLanguage\":\"es\",\"@id\":\"https:\/\/blogs.santosochoa.es\/logrono\/dia-del-libro-infantil-clara-albori-patricia-ramirez-angela-muro-y-libro-dejachupetes\/#primaryimage\",\"url\":\"https:\/\/blogs.santosochoa.es\/logrono\/wp-content\/uploads\/sites\/2\/2018\/03\/como-atrapar-una-estrella.jpg\",\"contentUrl\":\"https:\/\/blogs.santosochoa.es\/logrono\/wp-content\/uploads\/sites\/2\/2018\/03\/como-atrapar-una-estrella.jpg\",\"width\":709,\"height\":738},{\"@type\":\"BreadcrumbList\",\"@id\":\"https:\/\/blogs.santosochoa.es\/logrono\/dia-del-libro-infantil-clara-albori-patricia-ramirez-angela-muro-y-libro-dejachupetes\/#breadcrumb\",\"itemListElement\":[{\"@type\":\"ListItem\",\"position\":1,\"name\":\"Home\",\"item\":\"https:\/\/blogs.santosochoa.es\/logrono\/\"},{\"@type\":\"ListItem\",\"position\":2,\"name\":\"D\u00eda del Libro Infantil, Clara \u00c1lbori, Patricia Ram\u00edrez, \u00c1ngela Muro y Libro Dejachupetes\"}]},{\"@type\":\"WebSite\",\"@id\":\"https:\/\/blogs.santosochoa.es\/logrono\/#website\",\"url\":\"https:\/\/blogs.santosochoa.es\/logrono\/\",\"name\":\"Santos Ochoa Logro\u00f1o\",\"description\":\"Tu Librer\u00eda Online\",\"potentialAction\":[{\"@type\":\"SearchAction\",\"target\":{\"@type\":\"EntryPoint\",\"urlTemplate\":\"https:\/\/blogs.santosochoa.es\/logrono\/?s={search_term_string}\"},\"query-input\":{\"@type\":\"PropertyValueSpecification\",\"valueRequired\":true,\"valueName\":\"search_term_string\"}}],\"inLanguage\":\"es\"},{\"@type\":\"Person\",\"@id\":\"https:\/\/blogs.santosochoa.es\/logrono\/#\/schema\/person\/103664eb8c60fbeea1880c704687c2e3\",\"name\":\"Santos Ochoa Logro\u00f1o\",\"sameAs\":[\"http:\/\/santosochoa.es\",\"https:\/\/www.facebook.com\/santosochoalog\",\"https:\/\/www.instagram.com\/santosochoalog\/\",\"https:\/\/x.com\/santosochoalog\",\"https:\/\/www.youtube.com\/c\/SantosOchoaLibros\"]}]}<\/script>\n<!-- \/ Yoast SEO plugin. -->","yoast_head_json":{"title":"D\u00eda del Libro Infantil, Clara \u00c1lbori, Patricia Ram\u00edrez, \u00c1ngela Muro y Libro Dejachupetes - Santos Ochoa Logro\u00f1o","robots":{"index":"index","follow":"follow","max-snippet":"max-snippet:-1","max-image-preview":"max-image-preview:large","max-video-preview":"max-video-preview:-1"},"canonical":"https:\/\/blogs.santosochoa.es\/logrono\/dia-del-libro-infantil-clara-albori-patricia-ramirez-angela-muro-y-libro-dejachupetes\/","og_locale":"es_ES","og_type":"article","og_title":"D\u00eda del Libro Infantil, Clara \u00c1lbori, Patricia Ram\u00edrez, \u00c1ngela Muro y Libro Dejachupetes - Santos Ochoa Logro\u00f1o","og_description":"D\u00eda del Libro Infantil. Cuentos y juegos para ni\u00f1os&nbsp; Lunes 2 de abrilPor la ma\u00f1ana de 12:30 a 13:30Por la tarde de 18:00 a 19:00 h.Espacio Santos Ochoa. Calvo Sotelo, 19. Edad: de 3 a 6 a\u00f1osEntrada libre hasta completar aforo El D\u00eda del Libro Infantil se celebra desde 1967 para promover la lectura entre [&hellip;]","og_url":"https:\/\/blogs.santosochoa.es\/logrono\/dia-del-libro-infantil-clara-albori-patricia-ramirez-angela-muro-y-libro-dejachupetes\/","og_site_name":"Santos Ochoa Logro\u00f1o","article_author":"https:\/\/www.facebook.com\/santosochoalog","article_published_time":"2018-03-27T09:20:00+00:00","article_modified_time":"2018-09-20T15:52:32+00:00","og_image":[{"width":709,"height":738,"url":"https:\/\/blogs.santosochoa.es\/logrono\/wp-content\/uploads\/sites\/2\/2018\/03\/como-atrapar-una-estrella.jpg","type":"image\/jpeg"}],"author":"Santos Ochoa Logro\u00f1o","twitter_card":"summary_large_image","twitter_creator":"@santosochoalog","twitter_misc":{"Written by":"Santos Ochoa Logro\u00f1o","Est. reading time":"7 minutos"},"schema":{"@context":"https:\/\/schema.org","@graph":[{"@type":"Article","@id":"https:\/\/blogs.santosochoa.es\/logrono\/dia-del-libro-infantil-clara-albori-patricia-ramirez-angela-muro-y-libro-dejachupetes\/#article","isPartOf":{"@id":"https:\/\/blogs.santosochoa.es\/logrono\/dia-del-libro-infantil-clara-albori-patricia-ramirez-angela-muro-y-libro-dejachupetes\/"},"author":{"name":"Santos Ochoa Logro\u00f1o","@id":"https:\/\/blogs.santosochoa.es\/logrono\/#\/schema\/person\/103664eb8c60fbeea1880c704687c2e3"},"headline":"D\u00eda del Libro Infantil, Clara \u00c1lbori, Patricia Ram\u00edrez, \u00c1ngela Muro y Libro Dejachupetes","datePublished":"2018-03-27T09:20:00+00:00","dateModified":"2018-09-20T15:52:32+00:00","mainEntityOfPage":{"@id":"https:\/\/blogs.santosochoa.es\/logrono\/dia-del-libro-infantil-clara-albori-patricia-ramirez-angela-muro-y-libro-dejachupetes\/"},"wordCount":1334,"commentCount":0,"image":{"@id":"https:\/\/blogs.santosochoa.es\/logrono\/dia-del-libro-infantil-clara-albori-patricia-ramirez-angela-muro-y-libro-dejachupetes\/#primaryimage"},"thumbnailUrl":"https:\/\/blogs.santosochoa.es\/logrono\/wp-content\/uploads\/sites\/2\/2018\/03\/como-atrapar-una-estrella.jpg","articleSection":["charlas","cuentacuentos","el arte de vivir","libros","libros do rioja","m\u00fasica"],"inLanguage":"es","potentialAction":[{"@type":"CommentAction","name":"Comment","target":["https:\/\/blogs.santosochoa.es\/logrono\/dia-del-libro-infantil-clara-albori-patricia-ramirez-angela-muro-y-libro-dejachupetes\/#respond"]}]},{"@type":"WebPage","@id":"https:\/\/blogs.santosochoa.es\/logrono\/dia-del-libro-infantil-clara-albori-patricia-ramirez-angela-muro-y-libro-dejachupetes\/","url":"https:\/\/blogs.santosochoa.es\/logrono\/dia-del-libro-infantil-clara-albori-patricia-ramirez-angela-muro-y-libro-dejachupetes\/","name":"D\u00eda del Libro Infantil, Clara \u00c1lbori, Patricia Ram\u00edrez, \u00c1ngela Muro y Libro Dejachupetes - Santos Ochoa Logro\u00f1o","isPartOf":{"@id":"https:\/\/blogs.santosochoa.es\/logrono\/#website"},"primaryImageOfPage":{"@id":"https:\/\/blogs.santosochoa.es\/logrono\/dia-del-libro-infantil-clara-albori-patricia-ramirez-angela-muro-y-libro-dejachupetes\/#primaryimage"},"image":{"@id":"https:\/\/blogs.santosochoa.es\/logrono\/dia-del-libro-infantil-clara-albori-patricia-ramirez-angela-muro-y-libro-dejachupetes\/#primaryimage"},"thumbnailUrl":"https:\/\/blogs.santosochoa.es\/logrono\/wp-content\/uploads\/sites\/2\/2018\/03\/como-atrapar-una-estrella.jpg","datePublished":"2018-03-27T09:20:00+00:00","dateModified":"2018-09-20T15:52:32+00:00","author":{"@id":"https:\/\/blogs.santosochoa.es\/logrono\/#\/schema\/person\/103664eb8c60fbeea1880c704687c2e3"},"breadcrumb":{"@id":"https:\/\/blogs.santosochoa.es\/logrono\/dia-del-libro-infantil-clara-albori-patricia-ramirez-angela-muro-y-libro-dejachupetes\/#breadcrumb"},"inLanguage":"es","potentialAction":[{"@type":"ReadAction","target":["https:\/\/blogs.santosochoa.es\/logrono\/dia-del-libro-infantil-clara-albori-patricia-ramirez-angela-muro-y-libro-dejachupetes\/"]}]},{"@type":"ImageObject","inLanguage":"es","@id":"https:\/\/blogs.santosochoa.es\/logrono\/dia-del-libro-infantil-clara-albori-patricia-ramirez-angela-muro-y-libro-dejachupetes\/#primaryimage","url":"https:\/\/blogs.santosochoa.es\/logrono\/wp-content\/uploads\/sites\/2\/2018\/03\/como-atrapar-una-estrella.jpg","contentUrl":"https:\/\/blogs.santosochoa.es\/logrono\/wp-content\/uploads\/sites\/2\/2018\/03\/como-atrapar-una-estrella.jpg","width":709,"height":738},{"@type":"BreadcrumbList","@id":"https:\/\/blogs.santosochoa.es\/logrono\/dia-del-libro-infantil-clara-albori-patricia-ramirez-angela-muro-y-libro-dejachupetes\/#breadcrumb","itemListElement":[{"@type":"ListItem","position":1,"name":"Home","item":"https:\/\/blogs.santosochoa.es\/logrono\/"},{"@type":"ListItem","position":2,"name":"D\u00eda del Libro Infantil, Clara \u00c1lbori, Patricia Ram\u00edrez, \u00c1ngela Muro y Libro Dejachupetes"}]},{"@type":"WebSite","@id":"https:\/\/blogs.santosochoa.es\/logrono\/#website","url":"https:\/\/blogs.santosochoa.es\/logrono\/","name":"Santos Ochoa Logro\u00f1o","description":"Tu Librer\u00eda Online","potentialAction":[{"@type":"SearchAction","target":{"@type":"EntryPoint","urlTemplate":"https:\/\/blogs.santosochoa.es\/logrono\/?s={search_term_string}"},"query-input":{"@type":"PropertyValueSpecification","valueRequired":true,"valueName":"search_term_string"}}],"inLanguage":"es"},{"@type":"Person","@id":"https:\/\/blogs.santosochoa.es\/logrono\/#\/schema\/person\/103664eb8c60fbeea1880c704687c2e3","name":"Santos Ochoa Logro\u00f1o","sameAs":["http:\/\/santosochoa.es","https:\/\/www.facebook.com\/santosochoalog","https:\/\/www.instagram.com\/santosochoalog\/","https:\/\/x.com\/santosochoalog","https:\/\/www.youtube.com\/c\/SantosOchoaLibros"]}]}},"_links":{"self":[{"href":"https:\/\/blogs.santosochoa.es\/logrono\/wp-json\/wp\/v2\/posts\/113","targetHints":{"allow":["GET"]}}],"collection":[{"href":"https:\/\/blogs.santosochoa.es\/logrono\/wp-json\/wp\/v2\/posts"}],"about":[{"href":"https:\/\/blogs.santosochoa.es\/logrono\/wp-json\/wp\/v2\/types\/post"}],"author":[{"embeddable":true,"href":"https:\/\/blogs.santosochoa.es\/logrono\/wp-json\/wp\/v2\/users\/4"}],"replies":[{"embeddable":true,"href":"https:\/\/blogs.santosochoa.es\/logrono\/wp-json\/wp\/v2\/comments?post=113"}],"version-history":[{"count":1,"href":"https:\/\/blogs.santosochoa.es\/logrono\/wp-json\/wp\/v2\/posts\/113\/revisions"}],"predecessor-version":[{"id":455,"href":"https:\/\/blogs.santosochoa.es\/logrono\/wp-json\/wp\/v2\/posts\/113\/revisions\/455"}],"wp:featuredmedia":[{"embeddable":true,"href":"https:\/\/blogs.santosochoa.es\/logrono\/wp-json\/wp\/v2\/media\/450"}],"wp:attachment":[{"href":"https:\/\/blogs.santosochoa.es\/logrono\/wp-json\/wp\/v2\/media?parent=113"}],"wp:term":[{"taxonomy":"category","embeddable":true,"href":"https:\/\/blogs.santosochoa.es\/logrono\/wp-json\/wp\/v2\/categories?post=113"},{"taxonomy":"post_tag","embeddable":true,"href":"https:\/\/blogs.santosochoa.es\/logrono\/wp-json\/wp\/v2\/tags?post=113"}],"curies":[{"name":"wp","href":"https:\/\/api.w.org\/{rel}","templated":true}]}}