{"id":1101,"date":"2019-04-25T11:20:38","date_gmt":"2019-04-25T09:20:38","guid":{"rendered":"https:\/\/blogs.santosochoa.es\/logrono\/?p=1101"},"modified":"2019-04-25T11:20:40","modified_gmt":"2019-04-25T09:20:40","slug":"festival-concentrico-y-latin-lovers","status":"publish","type":"post","link":"https:\/\/blogs.santosochoa.es\/logrono\/festival-concentrico-y-latin-lovers\/","title":{"rendered":"Festival Conc\u00e9ntrico y Lat\u00edn Lovers"},"content":{"rendered":"\n<p>FESTIVAL CONC\u00c9NTRICO<\/p>\n\n\n\n<h2 class=\"wp-block-heading\"><strong>Charla con Gerardo Garc\u00eda Ventosa, director de Fundaci\u00f3n Arquia. <\/strong><em><strong>La adaptaci\u00f3n y la transformaci\u00f3n editorial<\/strong><\/em><\/h2>\n\n\n\n<h3 class=\"wp-block-heading\">Lunes 29 de abril, a las 19:00 h.<\/h3>\n\n\n\n<h4 class=\"wp-block-heading\">Espacio Santos Ochoa. Calvo Sotelo, 19<\/h4>\n\n\n\n<div class=\"wp-block-image\"><figure class=\"alignleft is-resized\"><img loading=\"lazy\" decoding=\"async\" src=\"https:\/\/blogs.santosochoa.es\/logrono\/wp-content\/uploads\/sites\/2\/2019\/03\/fundacion-arquia.jpg\" alt=\"\" class=\"wp-image-1039\" width=\"204\" height=\"272\" srcset=\"https:\/\/blogs.santosochoa.es\/logrono\/wp-content\/uploads\/sites\/2\/2019\/03\/fundacion-arquia.jpg 591w, https:\/\/blogs.santosochoa.es\/logrono\/wp-content\/uploads\/sites\/2\/2019\/03\/fundacion-arquia-224x300.jpg 224w\" sizes=\"auto, (max-width: 204px) 100vw, 204px\" \/><\/figure><\/div>\n\n\n\n<h5 class=\"wp-block-heading\"><strong>\u00bfCu\u00e1l es la mejor manera de\ndifundir el conocimiento de la arquitectura? \u00bfC\u00f3mo despertar el inter\u00e9s en la\narquitectura en todos los segmentos de p\u00fablico? \u00bfEs posible cambiar la\npercepci\u00f3n de la arquitectura adapt\u00e1ndola a las formas de consumir cultura de\nlas diferentes audiencias?<\/strong><\/h5>\n\n\n\n<p>La <strong>Fundaci\u00f3n Arquia<\/strong> inici\u00f3 su trayectoria editorial hace cerca de 30 a\u00f1os con la edici\u00f3n de publicaciones destinadas principalmente al mundo acad\u00e9mico, convirti\u00e9ndose en un referente. Siguiendo su fin fundacional de difusi\u00f3n del conocimiento de la arquitectura, recientemente ha ampliado su \u00e1mbito a nuevas audiencias. Cada p\u00fablico demanda una respuesta diferente. Un reto que afronta reformulando las colecciones e integrando nuevas tecnolog\u00edas. Una oportunidad para evolucionar de editorial tradicional a editorial\u00a0<em>transmedia<\/em>. Conoce la filosof\u00eda y la estrategia de cambio y adaptaci\u00f3n que hay detr\u00e1s de esta transformaci\u00f3n.<\/p>\n\n\n\n<div style=\"height:50px\" aria-hidden=\"true\" class=\"wp-block-spacer\"><\/div>\n\n\n\n<h2 class=\"wp-block-heading\"><em><strong>De amor de madre a lat\u00edn lovers.<\/strong><\/em><strong> Charla y libro con el latinista tuitero Emilio del R\u00edo<\/strong><\/h2>\n\n\n\n<h3 class=\"wp-block-heading\">Jueves 2 de mayo, a las 19:30 h.<\/h3>\n\n\n\n<h4 class=\"wp-block-heading\">Espacio Santos Ochoa. Calvo Sotelo, 19<\/h4>\n\n\n\n<div class=\"wp-block-image\"><figure class=\"alignright is-resized\"><img loading=\"lazy\" decoding=\"async\" src=\"https:\/\/blogs.santosochoa.es\/logrono\/wp-content\/uploads\/sites\/2\/2019\/03\/latin-lovers_emilio-del-rio.jpg\" alt=\"\" class=\"wp-image-1041\" width=\"202\" height=\"306\" srcset=\"https:\/\/blogs.santosochoa.es\/logrono\/wp-content\/uploads\/sites\/2\/2019\/03\/latin-lovers_emilio-del-rio.jpg 591w, https:\/\/blogs.santosochoa.es\/logrono\/wp-content\/uploads\/sites\/2\/2019\/03\/latin-lovers_emilio-del-rio-198x300.jpg 198w\" sizes=\"auto, (max-width: 202px) 100vw, 202px\" \/><\/figure><\/div>\n\n\n\n<h5 class=\"wp-block-heading\"><strong><em>Lat\u00edn Lovers<\/em> nace como una declaraci\u00f3n de amor a la cultura cl\u00e1sica,\nnuestra cultura materna, y con la vocaci\u00f3n de difundirla a trav\u00e9s del humor y\nla sorpresa. Es lo que practica su autor los fines de semana desde la secci\u00f3n\n\u00abVerba volant\u00bb (las palabras vuelan) del programa de Radio Nacional\nNo es un d\u00eda cualquiera.<\/strong><\/h5>\n\n\n\n<p>Y es que, como demuestra este libro, la\ncultura cl\u00e1sica est\u00e1 de actualidad y es imprescindible para entender mejor el\nmundo en que vivimos y tambi\u00e9n para comunicarnos mejor, al arrojar luz sobre\nnuestras ra\u00edces y sobre nuestra lengua.<\/p>\n\n\n\n<p>En una memorable escena de La vida de Brian,\nlos Monty Python se preguntaban: \u00ab\u00bfQu\u00e9 han hecho los romanos por\nnosotros?\u00bb. En esta charla lo descubrir\u00e1s y comprobar\u00e1s que, en el fondo,\ntodos somos lat\u00edn lovers.<\/p>\n\n\n\n<p><strong>Emilio del R\u00edo Sanz<\/strong> (Logro\u00f1o, 1963) es profesor\nde Filolog\u00eda Latina en la Universidad de La Rioja. Colabora en el programa de\nPepa Fern\u00e1ndez <em>No es un d\u00eda cualquiera<\/em>\ncon la secci\u00f3n <em>Verba Volant<\/em> dedicada\nal lat\u00edn y a la cultura cl\u00e1sica. <\/p>\n","protected":false},"excerpt":{"rendered":"<p>Esta semana en Santos Ochoa Logro\u00f1o&#8230; \u00abDe amor de madre a lat\u00edn lovers\u00bb con Emilio del R\u00edo. Arquitectura y edici\u00f3n con Gerardo Garc\u00eda de la Fundaci\u00f3n Arquia<\/p>\n","protected":false},"author":4,"featured_media":1041,"comment_status":"closed","ping_status":"closed","sticky":false,"template":"","format":"standard","meta":{"footnotes":""},"categories":[10,12,13],"tags":[],"class_list":["post-1101","post","type-post","status-publish","format-standard","has-post-thumbnail","hentry","category-charlas","category-libros","category-libros-do-rioja"],"yoast_head":"<!-- This site is optimized with the Yoast SEO plugin v27.2 - https:\/\/yoast.com\/product\/yoast-seo-wordpress\/ -->\n<title>Festival Conc\u00e9ntrico y Lat\u00edn Lovers - Santos Ochoa Logro\u00f1o<\/title>\n<meta name=\"description\" content=\"Esta semana en Santos Ochoa Logro\u00f1o... &quot;De amor de madre a lat\u00edn lovers&quot; con Emilio del R\u00edo. Arquitectura y edici\u00f3n con Gerardo Garc\u00eda de la Fundaci\u00f3n Arquia\" \/>\n<meta name=\"robots\" content=\"index, follow, max-snippet:-1, max-image-preview:large, max-video-preview:-1\" \/>\n<link rel=\"canonical\" href=\"https:\/\/blogs.santosochoa.es\/logrono\/festival-concentrico-y-latin-lovers\/\" \/>\n<meta property=\"og:locale\" content=\"es_ES\" \/>\n<meta property=\"og:type\" content=\"article\" \/>\n<meta property=\"og:title\" content=\"Festival Conc\u00e9ntrico y Lat\u00edn Lovers - Santos Ochoa Logro\u00f1o\" \/>\n<meta property=\"og:description\" content=\"Esta semana en Santos Ochoa Logro\u00f1o... &quot;De amor de madre a lat\u00edn lovers&quot; con Emilio del R\u00edo. Arquitectura y edici\u00f3n con Gerardo Garc\u00eda de la Fundaci\u00f3n Arquia\" \/>\n<meta property=\"og:url\" content=\"https:\/\/blogs.santosochoa.es\/logrono\/festival-concentrico-y-latin-lovers\/\" \/>\n<meta property=\"og:site_name\" content=\"Santos Ochoa Logro\u00f1o\" \/>\n<meta property=\"article:author\" content=\"https:\/\/www.facebook.com\/santosochoalog\" \/>\n<meta property=\"article:published_time\" content=\"2019-04-25T09:20:38+00:00\" \/>\n<meta property=\"article:modified_time\" content=\"2019-04-25T09:20:40+00:00\" \/>\n<meta property=\"og:image\" content=\"https:\/\/blogs.santosochoa.es\/logrono\/wp-content\/uploads\/sites\/2\/2019\/03\/latin-lovers_emilio-del-rio.jpg\" \/>\n\t<meta property=\"og:image:width\" content=\"591\" \/>\n\t<meta property=\"og:image:height\" content=\"894\" \/>\n\t<meta property=\"og:image:type\" content=\"image\/jpeg\" \/>\n<meta name=\"author\" content=\"Santos Ochoa Logro\u00f1o\" \/>\n<meta name=\"twitter:card\" content=\"summary_large_image\" \/>\n<meta name=\"twitter:creator\" content=\"@santosochoalog\" \/>\n<meta name=\"twitter:label1\" content=\"Written by\" \/>\n\t<meta name=\"twitter:data1\" content=\"Santos Ochoa Logro\u00f1o\" \/>\n\t<meta name=\"twitter:label2\" content=\"Est. reading time\" \/>\n\t<meta name=\"twitter:data2\" content=\"2 minutos\" \/>\n<script type=\"application\/ld+json\" class=\"yoast-schema-graph\">{\"@context\":\"https:\/\/schema.org\",\"@graph\":[{\"@type\":\"Article\",\"@id\":\"https:\/\/blogs.santosochoa.es\/logrono\/festival-concentrico-y-latin-lovers\/#article\",\"isPartOf\":{\"@id\":\"https:\/\/blogs.santosochoa.es\/logrono\/festival-concentrico-y-latin-lovers\/\"},\"author\":{\"name\":\"Santos Ochoa Logro\u00f1o\",\"@id\":\"https:\/\/blogs.santosochoa.es\/logrono\/#\/schema\/person\/103664eb8c60fbeea1880c704687c2e3\"},\"headline\":\"Festival Conc\u00e9ntrico y Lat\u00edn Lovers\",\"datePublished\":\"2019-04-25T09:20:38+00:00\",\"dateModified\":\"2019-04-25T09:20:40+00:00\",\"mainEntityOfPage\":{\"@id\":\"https:\/\/blogs.santosochoa.es\/logrono\/festival-concentrico-y-latin-lovers\/\"},\"wordCount\":412,\"image\":{\"@id\":\"https:\/\/blogs.santosochoa.es\/logrono\/festival-concentrico-y-latin-lovers\/#primaryimage\"},\"thumbnailUrl\":\"https:\/\/blogs.santosochoa.es\/logrono\/wp-content\/uploads\/sites\/2\/2019\/03\/latin-lovers_emilio-del-rio.jpg\",\"articleSection\":[\"charlas\",\"libros\",\"libros do rioja\"],\"inLanguage\":\"es\"},{\"@type\":\"WebPage\",\"@id\":\"https:\/\/blogs.santosochoa.es\/logrono\/festival-concentrico-y-latin-lovers\/\",\"url\":\"https:\/\/blogs.santosochoa.es\/logrono\/festival-concentrico-y-latin-lovers\/\",\"name\":\"Festival Conc\u00e9ntrico y Lat\u00edn Lovers - Santos Ochoa Logro\u00f1o\",\"isPartOf\":{\"@id\":\"https:\/\/blogs.santosochoa.es\/logrono\/#website\"},\"primaryImageOfPage\":{\"@id\":\"https:\/\/blogs.santosochoa.es\/logrono\/festival-concentrico-y-latin-lovers\/#primaryimage\"},\"image\":{\"@id\":\"https:\/\/blogs.santosochoa.es\/logrono\/festival-concentrico-y-latin-lovers\/#primaryimage\"},\"thumbnailUrl\":\"https:\/\/blogs.santosochoa.es\/logrono\/wp-content\/uploads\/sites\/2\/2019\/03\/latin-lovers_emilio-del-rio.jpg\",\"datePublished\":\"2019-04-25T09:20:38+00:00\",\"dateModified\":\"2019-04-25T09:20:40+00:00\",\"author\":{\"@id\":\"https:\/\/blogs.santosochoa.es\/logrono\/#\/schema\/person\/103664eb8c60fbeea1880c704687c2e3\"},\"description\":\"Esta semana en Santos Ochoa Logro\u00f1o... \\\"De amor de madre a lat\u00edn lovers\\\" con Emilio del R\u00edo. Arquitectura y edici\u00f3n con Gerardo Garc\u00eda de la Fundaci\u00f3n Arquia\",\"breadcrumb\":{\"@id\":\"https:\/\/blogs.santosochoa.es\/logrono\/festival-concentrico-y-latin-lovers\/#breadcrumb\"},\"inLanguage\":\"es\",\"potentialAction\":[{\"@type\":\"ReadAction\",\"target\":[\"https:\/\/blogs.santosochoa.es\/logrono\/festival-concentrico-y-latin-lovers\/\"]}]},{\"@type\":\"ImageObject\",\"inLanguage\":\"es\",\"@id\":\"https:\/\/blogs.santosochoa.es\/logrono\/festival-concentrico-y-latin-lovers\/#primaryimage\",\"url\":\"https:\/\/blogs.santosochoa.es\/logrono\/wp-content\/uploads\/sites\/2\/2019\/03\/latin-lovers_emilio-del-rio.jpg\",\"contentUrl\":\"https:\/\/blogs.santosochoa.es\/logrono\/wp-content\/uploads\/sites\/2\/2019\/03\/latin-lovers_emilio-del-rio.jpg\",\"width\":591,\"height\":894},{\"@type\":\"BreadcrumbList\",\"@id\":\"https:\/\/blogs.santosochoa.es\/logrono\/festival-concentrico-y-latin-lovers\/#breadcrumb\",\"itemListElement\":[{\"@type\":\"ListItem\",\"position\":1,\"name\":\"Home\",\"item\":\"https:\/\/blogs.santosochoa.es\/logrono\/\"},{\"@type\":\"ListItem\",\"position\":2,\"name\":\"Festival Conc\u00e9ntrico y Lat\u00edn Lovers\"}]},{\"@type\":\"WebSite\",\"@id\":\"https:\/\/blogs.santosochoa.es\/logrono\/#website\",\"url\":\"https:\/\/blogs.santosochoa.es\/logrono\/\",\"name\":\"Santos Ochoa Logro\u00f1o\",\"description\":\"Tu Librer\u00eda Online\",\"potentialAction\":[{\"@type\":\"SearchAction\",\"target\":{\"@type\":\"EntryPoint\",\"urlTemplate\":\"https:\/\/blogs.santosochoa.es\/logrono\/?s={search_term_string}\"},\"query-input\":{\"@type\":\"PropertyValueSpecification\",\"valueRequired\":true,\"valueName\":\"search_term_string\"}}],\"inLanguage\":\"es\"},{\"@type\":\"Person\",\"@id\":\"https:\/\/blogs.santosochoa.es\/logrono\/#\/schema\/person\/103664eb8c60fbeea1880c704687c2e3\",\"name\":\"Santos Ochoa Logro\u00f1o\",\"sameAs\":[\"http:\/\/santosochoa.es\",\"https:\/\/www.facebook.com\/santosochoalog\",\"https:\/\/www.instagram.com\/santosochoalog\/\",\"https:\/\/x.com\/santosochoalog\",\"https:\/\/www.youtube.com\/c\/SantosOchoaLibros\"]}]}<\/script>\n<!-- \/ Yoast SEO plugin. -->","yoast_head_json":{"title":"Festival Conc\u00e9ntrico y Lat\u00edn Lovers - Santos Ochoa Logro\u00f1o","description":"Esta semana en Santos Ochoa Logro\u00f1o... \"De amor de madre a lat\u00edn lovers\" con Emilio del R\u00edo. Arquitectura y edici\u00f3n con Gerardo Garc\u00eda de la Fundaci\u00f3n Arquia","robots":{"index":"index","follow":"follow","max-snippet":"max-snippet:-1","max-image-preview":"max-image-preview:large","max-video-preview":"max-video-preview:-1"},"canonical":"https:\/\/blogs.santosochoa.es\/logrono\/festival-concentrico-y-latin-lovers\/","og_locale":"es_ES","og_type":"article","og_title":"Festival Conc\u00e9ntrico y Lat\u00edn Lovers - Santos Ochoa Logro\u00f1o","og_description":"Esta semana en Santos Ochoa Logro\u00f1o... \"De amor de madre a lat\u00edn lovers\" con Emilio del R\u00edo. Arquitectura y edici\u00f3n con Gerardo Garc\u00eda de la Fundaci\u00f3n Arquia","og_url":"https:\/\/blogs.santosochoa.es\/logrono\/festival-concentrico-y-latin-lovers\/","og_site_name":"Santos Ochoa Logro\u00f1o","article_author":"https:\/\/www.facebook.com\/santosochoalog","article_published_time":"2019-04-25T09:20:38+00:00","article_modified_time":"2019-04-25T09:20:40+00:00","og_image":[{"width":591,"height":894,"url":"https:\/\/blogs.santosochoa.es\/logrono\/wp-content\/uploads\/sites\/2\/2019\/03\/latin-lovers_emilio-del-rio.jpg","type":"image\/jpeg"}],"author":"Santos Ochoa Logro\u00f1o","twitter_card":"summary_large_image","twitter_creator":"@santosochoalog","twitter_misc":{"Written by":"Santos Ochoa Logro\u00f1o","Est. reading time":"2 minutos"},"schema":{"@context":"https:\/\/schema.org","@graph":[{"@type":"Article","@id":"https:\/\/blogs.santosochoa.es\/logrono\/festival-concentrico-y-latin-lovers\/#article","isPartOf":{"@id":"https:\/\/blogs.santosochoa.es\/logrono\/festival-concentrico-y-latin-lovers\/"},"author":{"name":"Santos Ochoa Logro\u00f1o","@id":"https:\/\/blogs.santosochoa.es\/logrono\/#\/schema\/person\/103664eb8c60fbeea1880c704687c2e3"},"headline":"Festival Conc\u00e9ntrico y Lat\u00edn Lovers","datePublished":"2019-04-25T09:20:38+00:00","dateModified":"2019-04-25T09:20:40+00:00","mainEntityOfPage":{"@id":"https:\/\/blogs.santosochoa.es\/logrono\/festival-concentrico-y-latin-lovers\/"},"wordCount":412,"image":{"@id":"https:\/\/blogs.santosochoa.es\/logrono\/festival-concentrico-y-latin-lovers\/#primaryimage"},"thumbnailUrl":"https:\/\/blogs.santosochoa.es\/logrono\/wp-content\/uploads\/sites\/2\/2019\/03\/latin-lovers_emilio-del-rio.jpg","articleSection":["charlas","libros","libros do rioja"],"inLanguage":"es"},{"@type":"WebPage","@id":"https:\/\/blogs.santosochoa.es\/logrono\/festival-concentrico-y-latin-lovers\/","url":"https:\/\/blogs.santosochoa.es\/logrono\/festival-concentrico-y-latin-lovers\/","name":"Festival Conc\u00e9ntrico y Lat\u00edn Lovers - Santos Ochoa Logro\u00f1o","isPartOf":{"@id":"https:\/\/blogs.santosochoa.es\/logrono\/#website"},"primaryImageOfPage":{"@id":"https:\/\/blogs.santosochoa.es\/logrono\/festival-concentrico-y-latin-lovers\/#primaryimage"},"image":{"@id":"https:\/\/blogs.santosochoa.es\/logrono\/festival-concentrico-y-latin-lovers\/#primaryimage"},"thumbnailUrl":"https:\/\/blogs.santosochoa.es\/logrono\/wp-content\/uploads\/sites\/2\/2019\/03\/latin-lovers_emilio-del-rio.jpg","datePublished":"2019-04-25T09:20:38+00:00","dateModified":"2019-04-25T09:20:40+00:00","author":{"@id":"https:\/\/blogs.santosochoa.es\/logrono\/#\/schema\/person\/103664eb8c60fbeea1880c704687c2e3"},"description":"Esta semana en Santos Ochoa Logro\u00f1o... \"De amor de madre a lat\u00edn lovers\" con Emilio del R\u00edo. Arquitectura y edici\u00f3n con Gerardo Garc\u00eda de la Fundaci\u00f3n Arquia","breadcrumb":{"@id":"https:\/\/blogs.santosochoa.es\/logrono\/festival-concentrico-y-latin-lovers\/#breadcrumb"},"inLanguage":"es","potentialAction":[{"@type":"ReadAction","target":["https:\/\/blogs.santosochoa.es\/logrono\/festival-concentrico-y-latin-lovers\/"]}]},{"@type":"ImageObject","inLanguage":"es","@id":"https:\/\/blogs.santosochoa.es\/logrono\/festival-concentrico-y-latin-lovers\/#primaryimage","url":"https:\/\/blogs.santosochoa.es\/logrono\/wp-content\/uploads\/sites\/2\/2019\/03\/latin-lovers_emilio-del-rio.jpg","contentUrl":"https:\/\/blogs.santosochoa.es\/logrono\/wp-content\/uploads\/sites\/2\/2019\/03\/latin-lovers_emilio-del-rio.jpg","width":591,"height":894},{"@type":"BreadcrumbList","@id":"https:\/\/blogs.santosochoa.es\/logrono\/festival-concentrico-y-latin-lovers\/#breadcrumb","itemListElement":[{"@type":"ListItem","position":1,"name":"Home","item":"https:\/\/blogs.santosochoa.es\/logrono\/"},{"@type":"ListItem","position":2,"name":"Festival Conc\u00e9ntrico y Lat\u00edn Lovers"}]},{"@type":"WebSite","@id":"https:\/\/blogs.santosochoa.es\/logrono\/#website","url":"https:\/\/blogs.santosochoa.es\/logrono\/","name":"Santos Ochoa Logro\u00f1o","description":"Tu Librer\u00eda Online","potentialAction":[{"@type":"SearchAction","target":{"@type":"EntryPoint","urlTemplate":"https:\/\/blogs.santosochoa.es\/logrono\/?s={search_term_string}"},"query-input":{"@type":"PropertyValueSpecification","valueRequired":true,"valueName":"search_term_string"}}],"inLanguage":"es"},{"@type":"Person","@id":"https:\/\/blogs.santosochoa.es\/logrono\/#\/schema\/person\/103664eb8c60fbeea1880c704687c2e3","name":"Santos Ochoa Logro\u00f1o","sameAs":["http:\/\/santosochoa.es","https:\/\/www.facebook.com\/santosochoalog","https:\/\/www.instagram.com\/santosochoalog\/","https:\/\/x.com\/santosochoalog","https:\/\/www.youtube.com\/c\/SantosOchoaLibros"]}]}},"_links":{"self":[{"href":"https:\/\/blogs.santosochoa.es\/logrono\/wp-json\/wp\/v2\/posts\/1101","targetHints":{"allow":["GET"]}}],"collection":[{"href":"https:\/\/blogs.santosochoa.es\/logrono\/wp-json\/wp\/v2\/posts"}],"about":[{"href":"https:\/\/blogs.santosochoa.es\/logrono\/wp-json\/wp\/v2\/types\/post"}],"author":[{"embeddable":true,"href":"https:\/\/blogs.santosochoa.es\/logrono\/wp-json\/wp\/v2\/users\/4"}],"replies":[{"embeddable":true,"href":"https:\/\/blogs.santosochoa.es\/logrono\/wp-json\/wp\/v2\/comments?post=1101"}],"version-history":[{"count":2,"href":"https:\/\/blogs.santosochoa.es\/logrono\/wp-json\/wp\/v2\/posts\/1101\/revisions"}],"predecessor-version":[{"id":1103,"href":"https:\/\/blogs.santosochoa.es\/logrono\/wp-json\/wp\/v2\/posts\/1101\/revisions\/1103"}],"wp:featuredmedia":[{"embeddable":true,"href":"https:\/\/blogs.santosochoa.es\/logrono\/wp-json\/wp\/v2\/media\/1041"}],"wp:attachment":[{"href":"https:\/\/blogs.santosochoa.es\/logrono\/wp-json\/wp\/v2\/media?parent=1101"}],"wp:term":[{"taxonomy":"category","embeddable":true,"href":"https:\/\/blogs.santosochoa.es\/logrono\/wp-json\/wp\/v2\/categories?post=1101"},{"taxonomy":"post_tag","embeddable":true,"href":"https:\/\/blogs.santosochoa.es\/logrono\/wp-json\/wp\/v2\/tags?post=1101"}],"curies":[{"name":"wp","href":"https:\/\/api.w.org\/{rel}","templated":true}]}}