{"id":109,"date":"2018-04-26T09:59:00","date_gmt":"2018-04-26T09:59:00","guid":{"rendered":""},"modified":"2018-09-20T15:52:17","modified_gmt":"2018-09-20T15:52:17","slug":"desarrollo-emocional-felix-caballero-jorge-garcia-y-storytime","status":"publish","type":"post","link":"https:\/\/blogs.santosochoa.es\/logrono\/desarrollo-emocional-felix-caballero-jorge-garcia-y-storytime\/","title":{"rendered":"Desarrollo emocional, F\u00e9lix Caballero, Jorge Garc\u00eda y StoryTime"},"content":{"rendered":"<p><span style=\"color: #990000\"><span style=\"font-size: x-large\"><span><i><b>Desde su mirada<\/b><\/i>, charla sobre desarrollo emocional y psicomotricidad infantil con Olga Moreno de Minigym<\/span><\/span><\/span><br \/><span style=\"font-size: large\">Mi\u00e9rcoles 2 de mayo, a las 19:00 h.<\/span><br \/>Espacio Santos Ochoa. Calvo Sotelo, 19.<\/p>\n<div style=\"clear: both;text-align: center\"><a href=\"https:\/\/blogs.santosochoa.es\/logrono\/wp-content\/uploads\/sites\/2\/2018\/04\/comino_ni-25C3-25B1o-cactus.jpg\" style=\"clear: left;float: left;margin-bottom: 1em;margin-right: 1em\"><img loading=\"lazy\" decoding=\"async\" border=\"0\" height=\"266\" src=\"https:\/\/blogs.santosochoa.es\/logrono\/wp-content\/uploads\/sites\/2\/2018\/04\/comino_ni-25C3-25B1o-cactus-300x250.jpg\" width=\"320\" \/><\/a><\/div>\n<p><span style=\"color: #0b5394\"><b>Esta charla dirigida a padres y educadores tendr\u00e1 como objetivo acercarnos un poco m\u00e1s a la mirada de los ni\u00f1os para entender su intensidad al vivir el presente, su felicidad, su no prisa, y as\u00ed asumir la responsabilidad del adulto que acompa\u00f1a.<\/b><\/span><\/p>\n<p>Comprenderemos la importancia de no empujar su crecimiento, de no apresurar sus aprendizajes, sino de dejarles y disfrutar con ellos de la vida, de su vida. Y observar, sobre todo observar.<\/p>\n<p><b>Olga Moreno<\/b> es educadora social, psicomotricista y experta en atenci\u00f3n y estimulaci\u00f3n temprana. Ha trabajado en el hospital St Mary&#8217;s de Dublin y actualmente es la directora de Minigym, un gimnasio para ni\u00f1os especializado en la psicomotricidad infantil.<\/p>\n<p>\u00abFu\u00ed una ni\u00f1a \u00abrara\u00bb y mi mayor deseo era ser una \u00abni\u00f1a normal\u00bb. Con mis fantas\u00edas, sue\u00f1os, ilusiones e ideas, crec\u00ed y aprend\u00ed que es genial ser \u00abrara\u00bb.\u00bb<\/p>\n<p><span style=\"color: #990000\"><span style=\"font-size: x-large\"><span>F\u00e9lix Caballero y Ediciones Emilianenses presentan <i><b>20 riojanos del siglo 20<\/b><\/i><\/span><\/span><\/span><br \/><span style=\"font-size: large\">Jueves 3 de mayo, a las 19:30 h.<\/span><br \/>Espacio Santos Ochoa. Calvo Sotelo, 19.<\/p>\n<div style=\"clear: both;text-align: center\"><a href=\"https:\/\/blogs.santosochoa.es\/logrono\/wp-content\/uploads\/sites\/2\/2018\/04\/20-riojanos-del-siglo-20.jpg\" style=\"clear: right;float: right;margin-bottom: 1em;margin-left: 1em\"><img loading=\"lazy\" decoding=\"async\" border=\"0\" height=\"320\" src=\"https:\/\/blogs.santosochoa.es\/logrono\/wp-content\/uploads\/sites\/2\/2018\/04\/20-riojanos-del-siglo-20-200x300.jpg\" width=\"212\" \/><\/a><\/div>\n<p><span style=\"color: #0b5394\"><b><i>20 riojanos del siglo 20<\/i> recoge dos decenas de semblanzas biogr\u00e1ficas de otras tantas personalidades de La Rioja que durante la pasada centuria destacaron en diversos campos alcanzando un reconocimiento nacional o internacional. Desde Manuel Bartolom\u00e9 Coss\u00edo hasta Chema Pur\u00f3n, a los que les separan casi cien a\u00f1os.<\/b><\/span><\/p>\n<p>Estos <i>20 riojanos del siglo 20<\/i> son todos riojanos, claro, pero no nacieron todos en La Rioja: Raquel Meller naci\u00f3 en Zaragoza, Fidel Garc\u00eda en Le\u00f3n, Roberto Bodegas en Madrid y Alejandro Rubio Dalmati en Chile.<\/p>\n<p>La variedad de campos en los que ejercieron su actividad es tambi\u00e9n notable: el periodismo (Horacio S\u00e1enz Guerrero), la filosof\u00eda (Gustavo Bueno), la religi\u00f3n (Fidel Garc\u00eda y Eduardo Mart\u00ednez Somalo), la literatura (Mar\u00eda Lej\u00e1rraga y Mar\u00eda Teresa Le\u00f3n), el cine (Rafael Azcona y Roberto Bodegas), la pedagog\u00eda (Manuel Bartolom\u00e9 Coss\u00edo y Juli\u00e1n Rezola), el arte (Daniel Gonz\u00e1lez y Alejandro Rubio Dalmati), la m\u00fasica (Raquel Meller, Pepe Blanco, Soledad Bravo y Chema Pur\u00f3n) y la ciencia y la t\u00e9cnica (Julio Rey Pastor, Ram\u00f3n Castroviejo, \u00c1ngel Mart\u00edn Municio y Manuel Jal\u00f3n).<\/p>\n<p>Veinte riojanos ilustres, entre otros muchos que merec\u00edan estar tambi\u00e9n en este libro, que deber\u00edan ser motivo de inspiraci\u00f3n para muchos y son motivo de orgullo para todos los que queremos a La Rioja.<\/p>\n<p><b>F\u00e9lix Caballero Wang\u00fcemert<\/b> (Logro\u00f1o, 1967). Vive en Galicia desde 1991. Doctor en Comunicaci\u00f3n y licenciado en Ciencias de la Informaci\u00f3n (Periodismo). Ha trabajado como periodista en Antena 3 de Radio en Haro, El Correo Gallego de Santiago de Compostela, y R\u00eda de Vigo y Espa\u00f1a Exterior de Vigo. Es autor de seis libros: tres en castellano \u2013el poemario <i>Vinieras y te fueras dulcemente<\/i> y los vol\u00famenes de creaci\u00f3n humor\u00edstica <i>Pienso, luego embisto<\/i> y <i>Solo s\u00e9 que no s\u00e9 nadar<\/i> \u2013 y tres en gallego. Adem\u00e1s, es coautor, con Siro, del libro <i>Falemos de caricatura<\/i>.<\/p>\n<p><span style=\"color: #990000\"><span style=\"font-size: x-large\"><span>El cantautor riojano Jorge Garc\u00eda presenta su primer disco, <i><b>Tu historia<\/b><\/i><\/span><\/span><\/span><br \/><span style=\"font-size: large\">Viernes 4 de mayo, a las 19:30 h.<\/span><br \/>Espacio Santos Ochoa. Calvo Sotelo, 19.<\/p>\n<div style=\"clear: both;text-align: center\"><a href=\"https:\/\/blogs.santosochoa.es\/logrono\/wp-content\/uploads\/sites\/2\/2018\/04\/tu-historia_jorge-garcia.jpg\" style=\"clear: left;float: left;margin-bottom: 1em;margin-right: 1em\"><img loading=\"lazy\" decoding=\"async\" border=\"0\" height=\"287\" src=\"https:\/\/blogs.santosochoa.es\/logrono\/wp-content\/uploads\/sites\/2\/2018\/04\/tu-historia_jorge-garcia-300x270.jpg\" width=\"320\" \/><\/a><\/div>\n<p><span style=\"color: #0b5394\"><b>El cantautor riojano Jorge Garc\u00eda presenta su primer disco, <i>Tu historia<\/i>, cuando se cumplen cinco a\u00f1os desde su primer concierto y tras lanzar su maqueta, En busca de un sue\u00f1o, hace un par de a\u00f1os. Trece canciones a cargo del reconocido productor y m\u00fasico murciano Antonio Turro, grabado en los estudios El Se\u00f1or Guindilla, este trabajo es la gran apuesta del artista logro\u00f1\u00e9s, no solo en el panorama musical riojano sino a nivel nacional.<\/b><\/span><\/p>\n<p>Sin duda, este disco marca un antes y un despu\u00e9s en su carrera. Enmarcado claramente en el g\u00e9nero Pop, tiene unas influencias muy variadas con toques del pop m\u00e1s cl\u00e1sico, rock e incluso rozando unos de los estilos con m\u00e1s crecimiento en los \u00faltimos tiempos como es el indie.<\/p>\n<p><span style=\"color: #990000\"><span><span style=\"font-size: x-large\"><i><b>Storytime<\/b><\/i>, cuentacuentos en ingl\u00e9s con Kids&amp;Us<\/span><\/span><\/span><br \/><span style=\"font-size: large\">S\u00e1bado 5 de mayo. Dos sesiones: 18:30 y 19:30 h.<\/span><br \/>Espacio Santos Ochoa. Calvo Sotelo, 19.<\/p>\n<div style=\"clear: both;text-align: center\"><a href=\"https:\/\/blogs.santosochoa.es\/logrono\/wp-content\/uploads\/sites\/2\/2018\/04\/kidsandus-natural-english.jpg\" style=\"clear: right;float: right;margin-bottom: 1em;margin-left: 1em\"><img loading=\"lazy\" decoding=\"async\" border=\"0\" height=\"186\" src=\"https:\/\/blogs.santosochoa.es\/logrono\/wp-content\/uploads\/sites\/2\/2018\/04\/kidsandus-natural-english-300x281.jpg\" width=\"200\" \/><\/a><\/div>\n<p><b>Edad:<\/b> de 3 a 10 a\u00f1os<br \/><b>Inscripci\u00f3n gratuita<\/b> en <a href=\"http:\/\/www.leoyjuego.es\/\">www.leoyjuego.es<\/a><\/p>\n<p><span style=\"color: #0b5394\"><b>La hora del cuento \u2013storytime\u2013 es un cuentacuentos en el que se representa una historia a trav\u00e9s de diferentes personajes, canciones, mu\u00f1ecos, im\u00e1genes y objetos. As\u00ed los ni\u00f1os disfrutan de un peque\u00f1o espect\u00e1culo a la vez que aprenden ingl\u00e9s.<\/b><\/span><\/p>\n<p>En cada storytime se interpretan cuentos pensados y desarrollados por el equipo pedag\u00f3gico de Kids&amp;Us para ofrecer a los peque\u00f1os historias divertidas y de f\u00e1cil comprensi\u00f3n que permiten la interacci\u00f3n entre ellos y con los monitores.<\/p>\n<p>Al ser un espect\u00e1culo dirigido a los peque\u00f1os de la casa, se apoya en canciones y materiales visuales. Adem\u00e1s, los actores que dan vida a los personajes se sirven de su gran expresividad para captar la atenci\u00f3n de los ni\u00f1os a la vez que consiguen su participaci\u00f3n y complicidad.<\/p>\n","protected":false},"excerpt":{"rendered":"<p>Desde su mirada, charla sobre desarrollo emocional y psicomotricidad infantil con Olga Moreno de MinigymMi\u00e9rcoles 2 de mayo, a las 19:00 h.Espacio Santos Ochoa. Calvo Sotelo, 19. Esta charla dirigida a padres y educadores tendr\u00e1 como objetivo acercarnos un poco m\u00e1s a la mirada de los ni\u00f1os para entender su intensidad al vivir el presente, [&hellip;]<\/p>\n","protected":false},"author":4,"featured_media":429,"comment_status":"open","ping_status":"open","sticky":false,"template":"","format":"standard","meta":{"footnotes":""},"categories":[10,15,12,13,17],"tags":[],"class_list":["post-109","post","type-post","status-publish","format-standard","has-post-thumbnail","hentry","category-charlas","category-cuentacuentos","category-libros","category-libros-do-rioja","category-musica"],"yoast_head":"<!-- This site is optimized with the Yoast SEO plugin v27.2 - https:\/\/yoast.com\/product\/yoast-seo-wordpress\/ -->\n<title>Desarrollo emocional, F\u00e9lix Caballero, Jorge Garc\u00eda y StoryTime - Santos Ochoa Logro\u00f1o<\/title>\n<meta name=\"robots\" content=\"index, follow, max-snippet:-1, max-image-preview:large, max-video-preview:-1\" \/>\n<link rel=\"canonical\" href=\"https:\/\/blogs.santosochoa.es\/logrono\/desarrollo-emocional-felix-caballero-jorge-garcia-y-storytime\/\" \/>\n<meta property=\"og:locale\" content=\"es_ES\" \/>\n<meta property=\"og:type\" content=\"article\" \/>\n<meta property=\"og:title\" content=\"Desarrollo emocional, F\u00e9lix Caballero, Jorge Garc\u00eda y StoryTime - Santos Ochoa Logro\u00f1o\" \/>\n<meta property=\"og:description\" content=\"Desde su mirada, charla sobre desarrollo emocional y psicomotricidad infantil con Olga Moreno de MinigymMi\u00e9rcoles 2 de mayo, a las 19:00 h.Espacio Santos Ochoa. Calvo Sotelo, 19. Esta charla dirigida a padres y educadores tendr\u00e1 como objetivo acercarnos un poco m\u00e1s a la mirada de los ni\u00f1os para entender su intensidad al vivir el presente, [&hellip;]\" \/>\n<meta property=\"og:url\" content=\"https:\/\/blogs.santosochoa.es\/logrono\/desarrollo-emocional-felix-caballero-jorge-garcia-y-storytime\/\" \/>\n<meta property=\"og:site_name\" content=\"Santos Ochoa Logro\u00f1o\" \/>\n<meta property=\"article:author\" content=\"https:\/\/www.facebook.com\/santosochoalog\" \/>\n<meta property=\"article:published_time\" content=\"2018-04-26T09:59:00+00:00\" \/>\n<meta property=\"article:modified_time\" content=\"2018-09-20T15:52:17+00:00\" \/>\n<meta property=\"og:image\" content=\"https:\/\/blogs.santosochoa.es\/logrono\/wp-content\/uploads\/sites\/2\/2018\/04\/comino_ni-25C3-25B1o-cactus.jpg\" \/>\n\t<meta property=\"og:image:width\" content=\"800\" \/>\n\t<meta property=\"og:image:height\" content=\"666\" \/>\n\t<meta property=\"og:image:type\" content=\"image\/jpeg\" \/>\n<meta name=\"author\" content=\"Santos Ochoa Logro\u00f1o\" \/>\n<meta name=\"twitter:card\" content=\"summary_large_image\" \/>\n<meta name=\"twitter:creator\" content=\"@santosochoalog\" \/>\n<meta name=\"twitter:label1\" content=\"Written by\" \/>\n\t<meta name=\"twitter:data1\" content=\"Santos Ochoa Logro\u00f1o\" \/>\n\t<meta name=\"twitter:label2\" content=\"Est. reading time\" \/>\n\t<meta name=\"twitter:data2\" content=\"4 minutos\" \/>\n<script type=\"application\/ld+json\" class=\"yoast-schema-graph\">{\"@context\":\"https:\/\/schema.org\",\"@graph\":[{\"@type\":\"Article\",\"@id\":\"https:\/\/blogs.santosochoa.es\/logrono\/desarrollo-emocional-felix-caballero-jorge-garcia-y-storytime\/#article\",\"isPartOf\":{\"@id\":\"https:\/\/blogs.santosochoa.es\/logrono\/desarrollo-emocional-felix-caballero-jorge-garcia-y-storytime\/\"},\"author\":{\"name\":\"Santos Ochoa Logro\u00f1o\",\"@id\":\"https:\/\/blogs.santosochoa.es\/logrono\/#\/schema\/person\/103664eb8c60fbeea1880c704687c2e3\"},\"headline\":\"Desarrollo emocional, F\u00e9lix Caballero, Jorge Garc\u00eda y StoryTime\",\"datePublished\":\"2018-04-26T09:59:00+00:00\",\"dateModified\":\"2018-09-20T15:52:17+00:00\",\"mainEntityOfPage\":{\"@id\":\"https:\/\/blogs.santosochoa.es\/logrono\/desarrollo-emocional-felix-caballero-jorge-garcia-y-storytime\/\"},\"wordCount\":877,\"commentCount\":0,\"image\":{\"@id\":\"https:\/\/blogs.santosochoa.es\/logrono\/desarrollo-emocional-felix-caballero-jorge-garcia-y-storytime\/#primaryimage\"},\"thumbnailUrl\":\"https:\/\/blogs.santosochoa.es\/logrono\/wp-content\/uploads\/sites\/2\/2018\/04\/comino_ni-25C3-25B1o-cactus.jpg\",\"articleSection\":[\"charlas\",\"cuentacuentos\",\"libros\",\"libros do rioja\",\"m\u00fasica\"],\"inLanguage\":\"es\",\"potentialAction\":[{\"@type\":\"CommentAction\",\"name\":\"Comment\",\"target\":[\"https:\/\/blogs.santosochoa.es\/logrono\/desarrollo-emocional-felix-caballero-jorge-garcia-y-storytime\/#respond\"]}]},{\"@type\":\"WebPage\",\"@id\":\"https:\/\/blogs.santosochoa.es\/logrono\/desarrollo-emocional-felix-caballero-jorge-garcia-y-storytime\/\",\"url\":\"https:\/\/blogs.santosochoa.es\/logrono\/desarrollo-emocional-felix-caballero-jorge-garcia-y-storytime\/\",\"name\":\"Desarrollo emocional, F\u00e9lix Caballero, Jorge Garc\u00eda y StoryTime - Santos Ochoa Logro\u00f1o\",\"isPartOf\":{\"@id\":\"https:\/\/blogs.santosochoa.es\/logrono\/#website\"},\"primaryImageOfPage\":{\"@id\":\"https:\/\/blogs.santosochoa.es\/logrono\/desarrollo-emocional-felix-caballero-jorge-garcia-y-storytime\/#primaryimage\"},\"image\":{\"@id\":\"https:\/\/blogs.santosochoa.es\/logrono\/desarrollo-emocional-felix-caballero-jorge-garcia-y-storytime\/#primaryimage\"},\"thumbnailUrl\":\"https:\/\/blogs.santosochoa.es\/logrono\/wp-content\/uploads\/sites\/2\/2018\/04\/comino_ni-25C3-25B1o-cactus.jpg\",\"datePublished\":\"2018-04-26T09:59:00+00:00\",\"dateModified\":\"2018-09-20T15:52:17+00:00\",\"author\":{\"@id\":\"https:\/\/blogs.santosochoa.es\/logrono\/#\/schema\/person\/103664eb8c60fbeea1880c704687c2e3\"},\"breadcrumb\":{\"@id\":\"https:\/\/blogs.santosochoa.es\/logrono\/desarrollo-emocional-felix-caballero-jorge-garcia-y-storytime\/#breadcrumb\"},\"inLanguage\":\"es\",\"potentialAction\":[{\"@type\":\"ReadAction\",\"target\":[\"https:\/\/blogs.santosochoa.es\/logrono\/desarrollo-emocional-felix-caballero-jorge-garcia-y-storytime\/\"]}]},{\"@type\":\"ImageObject\",\"inLanguage\":\"es\",\"@id\":\"https:\/\/blogs.santosochoa.es\/logrono\/desarrollo-emocional-felix-caballero-jorge-garcia-y-storytime\/#primaryimage\",\"url\":\"https:\/\/blogs.santosochoa.es\/logrono\/wp-content\/uploads\/sites\/2\/2018\/04\/comino_ni-25C3-25B1o-cactus.jpg\",\"contentUrl\":\"https:\/\/blogs.santosochoa.es\/logrono\/wp-content\/uploads\/sites\/2\/2018\/04\/comino_ni-25C3-25B1o-cactus.jpg\",\"width\":800,\"height\":666},{\"@type\":\"BreadcrumbList\",\"@id\":\"https:\/\/blogs.santosochoa.es\/logrono\/desarrollo-emocional-felix-caballero-jorge-garcia-y-storytime\/#breadcrumb\",\"itemListElement\":[{\"@type\":\"ListItem\",\"position\":1,\"name\":\"Home\",\"item\":\"https:\/\/blogs.santosochoa.es\/logrono\/\"},{\"@type\":\"ListItem\",\"position\":2,\"name\":\"Desarrollo emocional, F\u00e9lix Caballero, Jorge Garc\u00eda y StoryTime\"}]},{\"@type\":\"WebSite\",\"@id\":\"https:\/\/blogs.santosochoa.es\/logrono\/#website\",\"url\":\"https:\/\/blogs.santosochoa.es\/logrono\/\",\"name\":\"Santos Ochoa Logro\u00f1o\",\"description\":\"Tu Librer\u00eda Online\",\"potentialAction\":[{\"@type\":\"SearchAction\",\"target\":{\"@type\":\"EntryPoint\",\"urlTemplate\":\"https:\/\/blogs.santosochoa.es\/logrono\/?s={search_term_string}\"},\"query-input\":{\"@type\":\"PropertyValueSpecification\",\"valueRequired\":true,\"valueName\":\"search_term_string\"}}],\"inLanguage\":\"es\"},{\"@type\":\"Person\",\"@id\":\"https:\/\/blogs.santosochoa.es\/logrono\/#\/schema\/person\/103664eb8c60fbeea1880c704687c2e3\",\"name\":\"Santos Ochoa Logro\u00f1o\",\"sameAs\":[\"http:\/\/santosochoa.es\",\"https:\/\/www.facebook.com\/santosochoalog\",\"https:\/\/www.instagram.com\/santosochoalog\/\",\"https:\/\/x.com\/santosochoalog\",\"https:\/\/www.youtube.com\/c\/SantosOchoaLibros\"]}]}<\/script>\n<!-- \/ Yoast SEO plugin. -->","yoast_head_json":{"title":"Desarrollo emocional, F\u00e9lix Caballero, Jorge Garc\u00eda y StoryTime - Santos Ochoa Logro\u00f1o","robots":{"index":"index","follow":"follow","max-snippet":"max-snippet:-1","max-image-preview":"max-image-preview:large","max-video-preview":"max-video-preview:-1"},"canonical":"https:\/\/blogs.santosochoa.es\/logrono\/desarrollo-emocional-felix-caballero-jorge-garcia-y-storytime\/","og_locale":"es_ES","og_type":"article","og_title":"Desarrollo emocional, F\u00e9lix Caballero, Jorge Garc\u00eda y StoryTime - Santos Ochoa Logro\u00f1o","og_description":"Desde su mirada, charla sobre desarrollo emocional y psicomotricidad infantil con Olga Moreno de MinigymMi\u00e9rcoles 2 de mayo, a las 19:00 h.Espacio Santos Ochoa. Calvo Sotelo, 19. Esta charla dirigida a padres y educadores tendr\u00e1 como objetivo acercarnos un poco m\u00e1s a la mirada de los ni\u00f1os para entender su intensidad al vivir el presente, [&hellip;]","og_url":"https:\/\/blogs.santosochoa.es\/logrono\/desarrollo-emocional-felix-caballero-jorge-garcia-y-storytime\/","og_site_name":"Santos Ochoa Logro\u00f1o","article_author":"https:\/\/www.facebook.com\/santosochoalog","article_published_time":"2018-04-26T09:59:00+00:00","article_modified_time":"2018-09-20T15:52:17+00:00","og_image":[{"width":800,"height":666,"url":"https:\/\/blogs.santosochoa.es\/logrono\/wp-content\/uploads\/sites\/2\/2018\/04\/comino_ni-25C3-25B1o-cactus.jpg","type":"image\/jpeg"}],"author":"Santos Ochoa Logro\u00f1o","twitter_card":"summary_large_image","twitter_creator":"@santosochoalog","twitter_misc":{"Written by":"Santos Ochoa Logro\u00f1o","Est. reading time":"4 minutos"},"schema":{"@context":"https:\/\/schema.org","@graph":[{"@type":"Article","@id":"https:\/\/blogs.santosochoa.es\/logrono\/desarrollo-emocional-felix-caballero-jorge-garcia-y-storytime\/#article","isPartOf":{"@id":"https:\/\/blogs.santosochoa.es\/logrono\/desarrollo-emocional-felix-caballero-jorge-garcia-y-storytime\/"},"author":{"name":"Santos Ochoa Logro\u00f1o","@id":"https:\/\/blogs.santosochoa.es\/logrono\/#\/schema\/person\/103664eb8c60fbeea1880c704687c2e3"},"headline":"Desarrollo emocional, F\u00e9lix Caballero, Jorge Garc\u00eda y StoryTime","datePublished":"2018-04-26T09:59:00+00:00","dateModified":"2018-09-20T15:52:17+00:00","mainEntityOfPage":{"@id":"https:\/\/blogs.santosochoa.es\/logrono\/desarrollo-emocional-felix-caballero-jorge-garcia-y-storytime\/"},"wordCount":877,"commentCount":0,"image":{"@id":"https:\/\/blogs.santosochoa.es\/logrono\/desarrollo-emocional-felix-caballero-jorge-garcia-y-storytime\/#primaryimage"},"thumbnailUrl":"https:\/\/blogs.santosochoa.es\/logrono\/wp-content\/uploads\/sites\/2\/2018\/04\/comino_ni-25C3-25B1o-cactus.jpg","articleSection":["charlas","cuentacuentos","libros","libros do rioja","m\u00fasica"],"inLanguage":"es","potentialAction":[{"@type":"CommentAction","name":"Comment","target":["https:\/\/blogs.santosochoa.es\/logrono\/desarrollo-emocional-felix-caballero-jorge-garcia-y-storytime\/#respond"]}]},{"@type":"WebPage","@id":"https:\/\/blogs.santosochoa.es\/logrono\/desarrollo-emocional-felix-caballero-jorge-garcia-y-storytime\/","url":"https:\/\/blogs.santosochoa.es\/logrono\/desarrollo-emocional-felix-caballero-jorge-garcia-y-storytime\/","name":"Desarrollo emocional, F\u00e9lix Caballero, Jorge Garc\u00eda y StoryTime - Santos Ochoa Logro\u00f1o","isPartOf":{"@id":"https:\/\/blogs.santosochoa.es\/logrono\/#website"},"primaryImageOfPage":{"@id":"https:\/\/blogs.santosochoa.es\/logrono\/desarrollo-emocional-felix-caballero-jorge-garcia-y-storytime\/#primaryimage"},"image":{"@id":"https:\/\/blogs.santosochoa.es\/logrono\/desarrollo-emocional-felix-caballero-jorge-garcia-y-storytime\/#primaryimage"},"thumbnailUrl":"https:\/\/blogs.santosochoa.es\/logrono\/wp-content\/uploads\/sites\/2\/2018\/04\/comino_ni-25C3-25B1o-cactus.jpg","datePublished":"2018-04-26T09:59:00+00:00","dateModified":"2018-09-20T15:52:17+00:00","author":{"@id":"https:\/\/blogs.santosochoa.es\/logrono\/#\/schema\/person\/103664eb8c60fbeea1880c704687c2e3"},"breadcrumb":{"@id":"https:\/\/blogs.santosochoa.es\/logrono\/desarrollo-emocional-felix-caballero-jorge-garcia-y-storytime\/#breadcrumb"},"inLanguage":"es","potentialAction":[{"@type":"ReadAction","target":["https:\/\/blogs.santosochoa.es\/logrono\/desarrollo-emocional-felix-caballero-jorge-garcia-y-storytime\/"]}]},{"@type":"ImageObject","inLanguage":"es","@id":"https:\/\/blogs.santosochoa.es\/logrono\/desarrollo-emocional-felix-caballero-jorge-garcia-y-storytime\/#primaryimage","url":"https:\/\/blogs.santosochoa.es\/logrono\/wp-content\/uploads\/sites\/2\/2018\/04\/comino_ni-25C3-25B1o-cactus.jpg","contentUrl":"https:\/\/blogs.santosochoa.es\/logrono\/wp-content\/uploads\/sites\/2\/2018\/04\/comino_ni-25C3-25B1o-cactus.jpg","width":800,"height":666},{"@type":"BreadcrumbList","@id":"https:\/\/blogs.santosochoa.es\/logrono\/desarrollo-emocional-felix-caballero-jorge-garcia-y-storytime\/#breadcrumb","itemListElement":[{"@type":"ListItem","position":1,"name":"Home","item":"https:\/\/blogs.santosochoa.es\/logrono\/"},{"@type":"ListItem","position":2,"name":"Desarrollo emocional, F\u00e9lix Caballero, Jorge Garc\u00eda y StoryTime"}]},{"@type":"WebSite","@id":"https:\/\/blogs.santosochoa.es\/logrono\/#website","url":"https:\/\/blogs.santosochoa.es\/logrono\/","name":"Santos Ochoa Logro\u00f1o","description":"Tu Librer\u00eda Online","potentialAction":[{"@type":"SearchAction","target":{"@type":"EntryPoint","urlTemplate":"https:\/\/blogs.santosochoa.es\/logrono\/?s={search_term_string}"},"query-input":{"@type":"PropertyValueSpecification","valueRequired":true,"valueName":"search_term_string"}}],"inLanguage":"es"},{"@type":"Person","@id":"https:\/\/blogs.santosochoa.es\/logrono\/#\/schema\/person\/103664eb8c60fbeea1880c704687c2e3","name":"Santos Ochoa Logro\u00f1o","sameAs":["http:\/\/santosochoa.es","https:\/\/www.facebook.com\/santosochoalog","https:\/\/www.instagram.com\/santosochoalog\/","https:\/\/x.com\/santosochoalog","https:\/\/www.youtube.com\/c\/SantosOchoaLibros"]}]}},"_links":{"self":[{"href":"https:\/\/blogs.santosochoa.es\/logrono\/wp-json\/wp\/v2\/posts\/109","targetHints":{"allow":["GET"]}}],"collection":[{"href":"https:\/\/blogs.santosochoa.es\/logrono\/wp-json\/wp\/v2\/posts"}],"about":[{"href":"https:\/\/blogs.santosochoa.es\/logrono\/wp-json\/wp\/v2\/types\/post"}],"author":[{"embeddable":true,"href":"https:\/\/blogs.santosochoa.es\/logrono\/wp-json\/wp\/v2\/users\/4"}],"replies":[{"embeddable":true,"href":"https:\/\/blogs.santosochoa.es\/logrono\/wp-json\/wp\/v2\/comments?post=109"}],"version-history":[{"count":1,"href":"https:\/\/blogs.santosochoa.es\/logrono\/wp-json\/wp\/v2\/posts\/109\/revisions"}],"predecessor-version":[{"id":433,"href":"https:\/\/blogs.santosochoa.es\/logrono\/wp-json\/wp\/v2\/posts\/109\/revisions\/433"}],"wp:featuredmedia":[{"embeddable":true,"href":"https:\/\/blogs.santosochoa.es\/logrono\/wp-json\/wp\/v2\/media\/429"}],"wp:attachment":[{"href":"https:\/\/blogs.santosochoa.es\/logrono\/wp-json\/wp\/v2\/media?parent=109"}],"wp:term":[{"taxonomy":"category","embeddable":true,"href":"https:\/\/blogs.santosochoa.es\/logrono\/wp-json\/wp\/v2\/categories?post=109"},{"taxonomy":"post_tag","embeddable":true,"href":"https:\/\/blogs.santosochoa.es\/logrono\/wp-json\/wp\/v2\/tags?post=109"}],"curies":[{"name":"wp","href":"https:\/\/api.w.org\/{rel}","templated":true}]}}