{"id":1069,"date":"2019-04-11T13:24:52","date_gmt":"2019-04-11T11:24:52","guid":{"rendered":"https:\/\/blogs.santosochoa.es\/logrono\/?p=1069"},"modified":"2019-04-12T14:14:26","modified_gmt":"2019-04-12T12:14:26","slug":"mindfulness-para-todos-festival-concentrico-y-laura-mullor","status":"publish","type":"post","link":"https:\/\/blogs.santosochoa.es\/logrono\/mindfulness-para-todos-festival-concentrico-y-laura-mullor\/","title":{"rendered":"Cuentacuentos, Mindfulness, Festival Conc\u00e9ntrico y Laura Mullor"},"content":{"rendered":"\n<h2 class=\"wp-block-heading\"><em><strong>El cuento sin fin de Mart\u00edn.\u00a0<\/strong><\/em><strong>Cuentacuentos Especial D\u00eda del Libro<\/strong><\/h2>\n\n\n\n<h3 class=\"wp-block-heading\">Martes 23\u00a0de abril. Dos sesiones: 17:45 y 18:15 h.<\/h3>\n\n\n\n<h4 class=\"wp-block-heading\">Espacio Santos Ochoa.\nCalvo Sotelo, 19<\/h4>\n\n\n\n<div class=\"wp-block-image\"><figure class=\"alignright is-resized\"><img loading=\"lazy\" decoding=\"async\" src=\"https:\/\/blogs.santosochoa.es\/logrono\/wp-content\/uploads\/sites\/2\/2019\/04\/el-cuento-sin-fin-de-martin.jpg\" alt=\"\" class=\"wp-image-1062\" width=\"205\" height=\"255\" srcset=\"https:\/\/blogs.santosochoa.es\/logrono\/wp-content\/uploads\/sites\/2\/2019\/04\/el-cuento-sin-fin-de-martin.jpg 709w, https:\/\/blogs.santosochoa.es\/logrono\/wp-content\/uploads\/sites\/2\/2019\/04\/el-cuento-sin-fin-de-martin-240x300.jpg 240w\" sizes=\"auto, (max-width: 205px) 100vw, 205px\" \/><\/figure><\/div>\n\n\n\n<p>A partir de 3\na\u00f1os. Entrada libre<\/p>\n\n\n\n<h5 class=\"wp-block-heading\"><strong>Hab\u00eda una vez un\nni\u00f1o llamado Mart\u00edn. Un d\u00eda se sent\u00f3 en un sill\u00f3n del sal\u00f3n a leer su cuento\nfavorito, sobre el pirata Patapalo, que lee un cuento que trata de una ni\u00f1a\nllamada Ricitos de Oro, que lee un cuento acerca de un caballero, que lee a un\nfiero drag\u00f3n un cuento divertid\u00edsimo sobre una rana&#8230;<\/strong><\/h5>\n\n\n\n<p>Cuentacuentos especial para ni\u00f1os de todas las edades. \u00bfOs apetece celebrar el D\u00eda del Libro con nosotros? Vamos a averiguar cuantos cuentos pueden contarse en un mismo cuento.<\/p>\n\n\n\n<div style=\"height:50px\" aria-hidden=\"true\" class=\"wp-block-spacer\"><\/div>\n\n\n\n<p class=\"has-text-color has-vivid-green-cyan-color\">EL ARTE DE VIVIR<\/p>\n\n\n\n<h2 class=\"wp-block-heading\"><em><strong>Mindfulness para todos<\/strong><\/em><strong>. Charla y libro del psiquiatra y divulgador Javier Garc\u00eda Campayo<\/strong><\/h2>\n\n\n\n<h3 class=\"wp-block-heading\">Jueves 25 de abril, a las 19:00 h.<\/h3>\n\n\n\n<h4 class=\"wp-block-heading\">Espacio Santos Ochoa. Calvo Sotelo, 19<\/h4>\n\n\n\n<div class=\"wp-block-image\"><figure class=\"alignleft is-resized\"><img loading=\"lazy\" decoding=\"async\" src=\"https:\/\/blogs.santosochoa.es\/logrono\/wp-content\/uploads\/sites\/2\/2019\/03\/mindfulness-para-todos.jpg\" alt=\"\" class=\"wp-image-1033\" width=\"202\" height=\"306\" srcset=\"https:\/\/blogs.santosochoa.es\/logrono\/wp-content\/uploads\/sites\/2\/2019\/03\/mindfulness-para-todos.jpg 591w, https:\/\/blogs.santosochoa.es\/logrono\/wp-content\/uploads\/sites\/2\/2019\/03\/mindfulness-para-todos-198x300.jpg 198w\" sizes=\"auto, (max-width: 202px) 100vw, 202px\" \/><\/figure><\/div>\n\n\n\n<h5 class=\"wp-block-heading\"><strong>Mindfulness es un estado mental en el que la persona\npermanece en el momento presente y que se asocia con una sensaci\u00f3n de bienestar\ny plenitud y ayuda a disminuir el sufrimiento.<\/strong><\/h5>\n\n\n\n<h5 class=\"wp-block-heading\"><strong>Este estado mental puede cultivarse mediante la meditaci\u00f3n,\ny su pr\u00e1ctica ha experimentado un gran crecimiento en los \u00faltimos a\u00f1os en\nnuestra sociedad occidental.<\/strong><\/h5>\n\n\n\n<p>Mindfulness ha demostrado ser eficaz en el\ntratamiento y prevenci\u00f3n de determinadas enfermedades: ansiedad, depresi\u00f3n, dolor\no hipertensi\u00f3n. Mejora los niveles de bienestar personal y de satisfacci\u00f3n con\nla vida. Es una pr\u00e1ctica de la que cualquier persona puede beneficiarse.<\/p>\n\n\n\n<p><em>Mindfulness\npara todos<\/em> sirve como gu\u00eda\nf\u00e1cil y accesible para todo tipo de p\u00fablicos. Propone un acercamiento al\nmindfulness desde el primer d\u00eda, mediante breves ejercicios, mostrados todos\nellos con ilustraciones que pueden ser aplicados de manera sencilla en\ncualquier momento y que invitan a relacionarnos con la vida de una manera m\u00e1s\nflexible, consciente y tranquila.<\/p>\n\n\n\n<p><strong>Javier Garc\u00eda Campayo<\/strong> (Zaragoza, 1962) es m\u00e9dico psiquiatra en el Hospital Universitario Miguel Servet y profesor de la Universidad de Zaragoza. Adem\u00e1s de su trabajo e investigaci\u00f3n en psiquiatr\u00eda, es pionero en Espa\u00f1a en el conocimiento y divulgaci\u00f3n de mindfulness. Ha desarrollado la \u201cTerapia de Compasi\u00f3n Basada en los Modelos de Apego\u201d y programas de intervenci\u00f3n en mindfulness para empresas. Ha publicado numerosos libros sobre mindfulness, entre ellos <em>Mindfulness para todos<\/em> o <em>Mindfulness. Nuevo manual pr\u00e1ctico.<\/em><\/p>\n\n\n\n<div style=\"height:50px\" aria-hidden=\"true\" class=\"wp-block-spacer\"><\/div>\n\n\n\n<p class=\"has-text-color has-vivid-green-cyan-color\">FESTIVAL CONC\u00c9NTRICO<\/p>\n\n\n\n<h2 class=\"wp-block-heading\"><strong>Charla con el arquitecto y editor Mois\u00e9s Puente<\/strong><\/h2>\n\n\n\n<h3 class=\"wp-block-heading\">S\u00e1bado 27 de abril, a las 12:30 h.<\/h3>\n\n\n\n<h4 class=\"wp-block-heading\">Espacio Santos Ochoa. Calvo Sotelo, 19<\/h4>\n\n\n\n<div class=\"wp-block-image\"><figure class=\"alignright is-resized\"><img loading=\"lazy\" decoding=\"async\" src=\"https:\/\/blogs.santosochoa.es\/logrono\/wp-content\/uploads\/sites\/2\/2019\/03\/la-posibilidad-de-una-arquitectura-absoluta.jpg\" alt=\"\" class=\"wp-image-1035\" width=\"205\" height=\"309\" srcset=\"https:\/\/blogs.santosochoa.es\/logrono\/wp-content\/uploads\/sites\/2\/2019\/03\/la-posibilidad-de-una-arquitectura-absoluta.jpg 591w, https:\/\/blogs.santosochoa.es\/logrono\/wp-content\/uploads\/sites\/2\/2019\/03\/la-posibilidad-de-una-arquitectura-absoluta-199x300.jpg 199w\" sizes=\"auto, (max-width: 205px) 100vw, 205px\" \/><\/figure><\/div>\n\n\n\n<h5 class=\"wp-block-heading\"><strong>Mois\u00e9s Puente es arquitecto y\neditor. Trabaja como editor en la Editorial Gustavo Gili, donde dirige su\ncolecci\u00f3n de cl\u00e1sicos, y, despu\u00e9s de a\u00f1os como editor de la revista 2G, ahora\nla dirige para la editorial alemana Walther K\u00f6nig.<\/strong><\/h5>\n\n\n\n<p>Ha editado, entre\notros, los textos de Alejandro de la Sota, Josep Llin\u00e0s, Mies van der Rohe,\nJ\u00f8rn Utzon, Olafur Eliasson, Philip Ursprung, Smiljan Radic y Andr\u00e9s Jaque (en\npreparaci\u00f3n), y es autor de monograf\u00edas de Mies van der Rohe, Casas y Alejandro\nde la Sota (con I\u00f1aki \u00c1balos y Josep Llin\u00e0s). Tambi\u00e9n hace trabajos de\ncomisariado y traducci\u00f3n de temas de arquitectura.<\/p>\n\n\n\n<p>En 2010 recibi\u00f3 el Premio FAD de Pensamiento y Cr\u00edtica por su trayectoria profesional como editor y en 2016 fund\u00f3 su propia editorial, Puente Editores, dedicada a textos de arte y arquitectura contempor\u00e1neos. <\/p>\n\n\n\n<div style=\"height:50px\" aria-hidden=\"true\" class=\"wp-block-spacer\"><\/div>\n\n\n\n<h2 class=\"wp-block-heading\"><strong>Firma de libros de Laura Mullor. <\/strong><em><strong>Lo mejor de la vida es ser t\u00fa mismo<\/strong><\/em><\/h2>\n\n\n\n<h3 class=\"wp-block-heading\">S\u00e1bado 27 de abril, de 17 a 20 h.<\/h3>\n\n\n\n<h4 class=\"wp-block-heading\">Espacio Santos Ochoa. Calvo Sotelo, 19<\/h4>\n\n\n\n<div class=\"wp-block-image\"><figure class=\"alignleft is-resized\"><img loading=\"lazy\" decoding=\"async\" src=\"https:\/\/blogs.santosochoa.es\/logrono\/wp-content\/uploads\/sites\/2\/2019\/03\/lo-mejor-de-la-vida-es-ser-tu-mismo_laura-mullor.jpg\" alt=\"\" class=\"wp-image-1037\" width=\"204\" height=\"263\" srcset=\"https:\/\/blogs.santosochoa.es\/logrono\/wp-content\/uploads\/sites\/2\/2019\/03\/lo-mejor-de-la-vida-es-ser-tu-mismo_laura-mullor.jpg 591w, https:\/\/blogs.santosochoa.es\/logrono\/wp-content\/uploads\/sites\/2\/2019\/03\/lo-mejor-de-la-vida-es-ser-tu-mismo_laura-mullor-232x300.jpg 232w, https:\/\/blogs.santosochoa.es\/logrono\/wp-content\/uploads\/sites\/2\/2019\/03\/lo-mejor-de-la-vida-es-ser-tu-mismo_laura-mullor-400x516.jpg 400w\" sizes=\"auto, (max-width: 204px) 100vw, 204px\" \/><\/figure><\/div>\n\n\n\n<h5 class=\"wp-block-heading\"><strong>El acceso a la firma se realizar\u00e1 solo mediante\ninvitaciones numeradas, que repartir\u00e1n desde el jueves 25, a partir de las 10:30\nh. en la cafeter\u00eda de Santos Ochoa Calvo Sotelo.<\/strong><\/h5>\n\n\n\n<p>CONDICIONES DE LA FIRMA<\/p>\n\n\n\n<ul class=\"wp-block-list\"><li>La firma est\u00e1 limitada a 300 invitaciones. No se firmar\u00e1 a nadie sin invitaci\u00f3n.<\/li><li>En el momento de la recogida se dar\u00e1 un m\u00e1ximo de 2 invitaciones por persona.<\/li><li>Cada invitaci\u00f3n da derecho a la firma de un \u00fanico libro.<\/li><li>El orden de firma lo marca el n\u00famero impreso en la invitaci\u00f3n.<\/li><li>S\u00f3lo se firmar\u00e1n libros. No carcasas de m\u00f3vil, camisetas, papeles, libretas, fotos, etc.<\/li><li>Un miembro de la organizaci\u00f3n se encargar\u00e1 de hacer las fotograf\u00edas durante el evento.<\/li><li>No se har\u00e1n selfies, boomerangs, v\u00eddeos, audios, etc.<\/li><\/ul>\n\n\n\n<p>Agradecemos vuestra colaboraci\u00f3n y paciencia para que el acto se desarrolle sin incidentes.<\/p>\n\n\n\n<p><\/p>\n\n\n\n<h5 class=\"wp-block-heading\"><strong>En este libro Laura Mullor nos relata sus vivencias m\u00e1s\nimportantes hasta hoy. Hace un repaso de sus mejores an\u00e9cdotas de viajes, su\ninfancia, sus amigos, el instituto, la relaci\u00f3n con sus seguidores, etc. Todo\nello a partir de sus mejores frases que ya inspiran a miles de adolescentes.\nLas frases de Laura dar\u00e1n pie a hablar de los temas estrella entre los\nadolescentes: el amor, la amistad, el instituto y sus aficiones como Tik-Tok.<\/strong><\/h5>\n","protected":false},"excerpt":{"rendered":"<p>Esta semana en Santos Ochoa Logro\u00f1o&#8230; Mindfulness Para Todos con Javier Garc\u00eda Campayo, Arquitectura y Edici\u00f3n con Mois\u00e9s Puente, Firma de Libros de Laura Mullor<\/p>\n","protected":false},"author":4,"featured_media":1033,"comment_status":"closed","ping_status":"closed","sticky":false,"template":"","format":"standard","meta":{"footnotes":""},"categories":[10,16,12],"tags":[],"class_list":["post-1069","post","type-post","status-publish","format-standard","has-post-thumbnail","hentry","category-charlas","category-el-arte-de-vivir","category-libros"],"yoast_head":"<!-- This site is optimized with the Yoast SEO plugin v27.2 - https:\/\/yoast.com\/product\/yoast-seo-wordpress\/ -->\n<title>Cuentacuentos, Mindfulness, Festival Conc\u00e9ntrico y Laura Mullor - Santos Ochoa Logro\u00f1o<\/title>\n<meta name=\"description\" content=\"Esta semana en Santos Ochoa Logro\u00f1o... Mindfulness Para Todos con Javier Garc\u00eda Campayo, Arquitectura y Edici\u00f3n con Mois\u00e9s Puente, Firma de Libros de Laura Mullor\" \/>\n<meta name=\"robots\" content=\"index, follow, max-snippet:-1, max-image-preview:large, max-video-preview:-1\" \/>\n<link rel=\"canonical\" href=\"https:\/\/blogs.santosochoa.es\/logrono\/mindfulness-para-todos-festival-concentrico-y-laura-mullor\/\" \/>\n<meta property=\"og:locale\" content=\"es_ES\" \/>\n<meta property=\"og:type\" content=\"article\" \/>\n<meta property=\"og:title\" content=\"Cuentacuentos, Mindfulness, Festival Conc\u00e9ntrico y Laura Mullor - Santos Ochoa Logro\u00f1o\" \/>\n<meta property=\"og:description\" content=\"Esta semana en Santos Ochoa Logro\u00f1o... Mindfulness Para Todos con Javier Garc\u00eda Campayo, Arquitectura y Edici\u00f3n con Mois\u00e9s Puente, Firma de Libros de Laura Mullor\" \/>\n<meta property=\"og:url\" content=\"https:\/\/blogs.santosochoa.es\/logrono\/mindfulness-para-todos-festival-concentrico-y-laura-mullor\/\" \/>\n<meta property=\"og:site_name\" content=\"Santos Ochoa Logro\u00f1o\" \/>\n<meta property=\"article:author\" content=\"https:\/\/www.facebook.com\/santosochoalog\" \/>\n<meta property=\"article:published_time\" content=\"2019-04-11T11:24:52+00:00\" \/>\n<meta property=\"article:modified_time\" content=\"2019-04-12T12:14:26+00:00\" \/>\n<meta property=\"og:image\" content=\"https:\/\/blogs.santosochoa.es\/logrono\/wp-content\/uploads\/sites\/2\/2019\/03\/mindfulness-para-todos.jpg\" \/>\n\t<meta property=\"og:image:width\" content=\"591\" \/>\n\t<meta property=\"og:image:height\" content=\"896\" \/>\n\t<meta property=\"og:image:type\" content=\"image\/jpeg\" \/>\n<meta name=\"author\" content=\"Santos Ochoa Logro\u00f1o\" \/>\n<meta name=\"twitter:card\" content=\"summary_large_image\" \/>\n<meta name=\"twitter:creator\" content=\"@santosochoalog\" \/>\n<meta name=\"twitter:label1\" content=\"Written by\" \/>\n\t<meta name=\"twitter:data1\" content=\"Santos Ochoa Logro\u00f1o\" \/>\n\t<meta name=\"twitter:label2\" content=\"Est. reading time\" \/>\n\t<meta name=\"twitter:data2\" content=\"4 minutos\" \/>\n<script type=\"application\/ld+json\" class=\"yoast-schema-graph\">{\"@context\":\"https:\/\/schema.org\",\"@graph\":[{\"@type\":\"Article\",\"@id\":\"https:\/\/blogs.santosochoa.es\/logrono\/mindfulness-para-todos-festival-concentrico-y-laura-mullor\/#article\",\"isPartOf\":{\"@id\":\"https:\/\/blogs.santosochoa.es\/logrono\/mindfulness-para-todos-festival-concentrico-y-laura-mullor\/\"},\"author\":{\"name\":\"Santos Ochoa Logro\u00f1o\",\"@id\":\"https:\/\/blogs.santosochoa.es\/logrono\/#\/schema\/person\/103664eb8c60fbeea1880c704687c2e3\"},\"headline\":\"Cuentacuentos, Mindfulness, Festival Conc\u00e9ntrico y Laura Mullor\",\"datePublished\":\"2019-04-11T11:24:52+00:00\",\"dateModified\":\"2019-04-12T12:14:26+00:00\",\"mainEntityOfPage\":{\"@id\":\"https:\/\/blogs.santosochoa.es\/logrono\/mindfulness-para-todos-festival-concentrico-y-laura-mullor\/\"},\"wordCount\":844,\"image\":{\"@id\":\"https:\/\/blogs.santosochoa.es\/logrono\/mindfulness-para-todos-festival-concentrico-y-laura-mullor\/#primaryimage\"},\"thumbnailUrl\":\"https:\/\/blogs.santosochoa.es\/logrono\/wp-content\/uploads\/sites\/2\/2019\/03\/mindfulness-para-todos.jpg\",\"articleSection\":[\"charlas\",\"el arte de vivir\",\"libros\"],\"inLanguage\":\"es\"},{\"@type\":\"WebPage\",\"@id\":\"https:\/\/blogs.santosochoa.es\/logrono\/mindfulness-para-todos-festival-concentrico-y-laura-mullor\/\",\"url\":\"https:\/\/blogs.santosochoa.es\/logrono\/mindfulness-para-todos-festival-concentrico-y-laura-mullor\/\",\"name\":\"Cuentacuentos, Mindfulness, Festival Conc\u00e9ntrico y Laura Mullor - Santos Ochoa Logro\u00f1o\",\"isPartOf\":{\"@id\":\"https:\/\/blogs.santosochoa.es\/logrono\/#website\"},\"primaryImageOfPage\":{\"@id\":\"https:\/\/blogs.santosochoa.es\/logrono\/mindfulness-para-todos-festival-concentrico-y-laura-mullor\/#primaryimage\"},\"image\":{\"@id\":\"https:\/\/blogs.santosochoa.es\/logrono\/mindfulness-para-todos-festival-concentrico-y-laura-mullor\/#primaryimage\"},\"thumbnailUrl\":\"https:\/\/blogs.santosochoa.es\/logrono\/wp-content\/uploads\/sites\/2\/2019\/03\/mindfulness-para-todos.jpg\",\"datePublished\":\"2019-04-11T11:24:52+00:00\",\"dateModified\":\"2019-04-12T12:14:26+00:00\",\"author\":{\"@id\":\"https:\/\/blogs.santosochoa.es\/logrono\/#\/schema\/person\/103664eb8c60fbeea1880c704687c2e3\"},\"description\":\"Esta semana en Santos Ochoa Logro\u00f1o... Mindfulness Para Todos con Javier Garc\u00eda Campayo, Arquitectura y Edici\u00f3n con Mois\u00e9s Puente, Firma de Libros de Laura Mullor\",\"breadcrumb\":{\"@id\":\"https:\/\/blogs.santosochoa.es\/logrono\/mindfulness-para-todos-festival-concentrico-y-laura-mullor\/#breadcrumb\"},\"inLanguage\":\"es\",\"potentialAction\":[{\"@type\":\"ReadAction\",\"target\":[\"https:\/\/blogs.santosochoa.es\/logrono\/mindfulness-para-todos-festival-concentrico-y-laura-mullor\/\"]}]},{\"@type\":\"ImageObject\",\"inLanguage\":\"es\",\"@id\":\"https:\/\/blogs.santosochoa.es\/logrono\/mindfulness-para-todos-festival-concentrico-y-laura-mullor\/#primaryimage\",\"url\":\"https:\/\/blogs.santosochoa.es\/logrono\/wp-content\/uploads\/sites\/2\/2019\/03\/mindfulness-para-todos.jpg\",\"contentUrl\":\"https:\/\/blogs.santosochoa.es\/logrono\/wp-content\/uploads\/sites\/2\/2019\/03\/mindfulness-para-todos.jpg\",\"width\":591,\"height\":896},{\"@type\":\"BreadcrumbList\",\"@id\":\"https:\/\/blogs.santosochoa.es\/logrono\/mindfulness-para-todos-festival-concentrico-y-laura-mullor\/#breadcrumb\",\"itemListElement\":[{\"@type\":\"ListItem\",\"position\":1,\"name\":\"Home\",\"item\":\"https:\/\/blogs.santosochoa.es\/logrono\/\"},{\"@type\":\"ListItem\",\"position\":2,\"name\":\"Cuentacuentos, Mindfulness, Festival Conc\u00e9ntrico y Laura Mullor\"}]},{\"@type\":\"WebSite\",\"@id\":\"https:\/\/blogs.santosochoa.es\/logrono\/#website\",\"url\":\"https:\/\/blogs.santosochoa.es\/logrono\/\",\"name\":\"Santos Ochoa Logro\u00f1o\",\"description\":\"Tu Librer\u00eda Online\",\"potentialAction\":[{\"@type\":\"SearchAction\",\"target\":{\"@type\":\"EntryPoint\",\"urlTemplate\":\"https:\/\/blogs.santosochoa.es\/logrono\/?s={search_term_string}\"},\"query-input\":{\"@type\":\"PropertyValueSpecification\",\"valueRequired\":true,\"valueName\":\"search_term_string\"}}],\"inLanguage\":\"es\"},{\"@type\":\"Person\",\"@id\":\"https:\/\/blogs.santosochoa.es\/logrono\/#\/schema\/person\/103664eb8c60fbeea1880c704687c2e3\",\"name\":\"Santos Ochoa Logro\u00f1o\",\"sameAs\":[\"http:\/\/santosochoa.es\",\"https:\/\/www.facebook.com\/santosochoalog\",\"https:\/\/www.instagram.com\/santosochoalog\/\",\"https:\/\/x.com\/santosochoalog\",\"https:\/\/www.youtube.com\/c\/SantosOchoaLibros\"]}]}<\/script>\n<!-- \/ Yoast SEO plugin. -->","yoast_head_json":{"title":"Cuentacuentos, Mindfulness, Festival Conc\u00e9ntrico y Laura Mullor - Santos Ochoa Logro\u00f1o","description":"Esta semana en Santos Ochoa Logro\u00f1o... Mindfulness Para Todos con Javier Garc\u00eda Campayo, Arquitectura y Edici\u00f3n con Mois\u00e9s Puente, Firma de Libros de Laura Mullor","robots":{"index":"index","follow":"follow","max-snippet":"max-snippet:-1","max-image-preview":"max-image-preview:large","max-video-preview":"max-video-preview:-1"},"canonical":"https:\/\/blogs.santosochoa.es\/logrono\/mindfulness-para-todos-festival-concentrico-y-laura-mullor\/","og_locale":"es_ES","og_type":"article","og_title":"Cuentacuentos, Mindfulness, Festival Conc\u00e9ntrico y Laura Mullor - Santos Ochoa Logro\u00f1o","og_description":"Esta semana en Santos Ochoa Logro\u00f1o... Mindfulness Para Todos con Javier Garc\u00eda Campayo, Arquitectura y Edici\u00f3n con Mois\u00e9s Puente, Firma de Libros de Laura Mullor","og_url":"https:\/\/blogs.santosochoa.es\/logrono\/mindfulness-para-todos-festival-concentrico-y-laura-mullor\/","og_site_name":"Santos Ochoa Logro\u00f1o","article_author":"https:\/\/www.facebook.com\/santosochoalog","article_published_time":"2019-04-11T11:24:52+00:00","article_modified_time":"2019-04-12T12:14:26+00:00","og_image":[{"width":591,"height":896,"url":"https:\/\/blogs.santosochoa.es\/logrono\/wp-content\/uploads\/sites\/2\/2019\/03\/mindfulness-para-todos.jpg","type":"image\/jpeg"}],"author":"Santos Ochoa Logro\u00f1o","twitter_card":"summary_large_image","twitter_creator":"@santosochoalog","twitter_misc":{"Written by":"Santos Ochoa Logro\u00f1o","Est. reading time":"4 minutos"},"schema":{"@context":"https:\/\/schema.org","@graph":[{"@type":"Article","@id":"https:\/\/blogs.santosochoa.es\/logrono\/mindfulness-para-todos-festival-concentrico-y-laura-mullor\/#article","isPartOf":{"@id":"https:\/\/blogs.santosochoa.es\/logrono\/mindfulness-para-todos-festival-concentrico-y-laura-mullor\/"},"author":{"name":"Santos Ochoa Logro\u00f1o","@id":"https:\/\/blogs.santosochoa.es\/logrono\/#\/schema\/person\/103664eb8c60fbeea1880c704687c2e3"},"headline":"Cuentacuentos, Mindfulness, Festival Conc\u00e9ntrico y Laura Mullor","datePublished":"2019-04-11T11:24:52+00:00","dateModified":"2019-04-12T12:14:26+00:00","mainEntityOfPage":{"@id":"https:\/\/blogs.santosochoa.es\/logrono\/mindfulness-para-todos-festival-concentrico-y-laura-mullor\/"},"wordCount":844,"image":{"@id":"https:\/\/blogs.santosochoa.es\/logrono\/mindfulness-para-todos-festival-concentrico-y-laura-mullor\/#primaryimage"},"thumbnailUrl":"https:\/\/blogs.santosochoa.es\/logrono\/wp-content\/uploads\/sites\/2\/2019\/03\/mindfulness-para-todos.jpg","articleSection":["charlas","el arte de vivir","libros"],"inLanguage":"es"},{"@type":"WebPage","@id":"https:\/\/blogs.santosochoa.es\/logrono\/mindfulness-para-todos-festival-concentrico-y-laura-mullor\/","url":"https:\/\/blogs.santosochoa.es\/logrono\/mindfulness-para-todos-festival-concentrico-y-laura-mullor\/","name":"Cuentacuentos, Mindfulness, Festival Conc\u00e9ntrico y Laura Mullor - Santos Ochoa Logro\u00f1o","isPartOf":{"@id":"https:\/\/blogs.santosochoa.es\/logrono\/#website"},"primaryImageOfPage":{"@id":"https:\/\/blogs.santosochoa.es\/logrono\/mindfulness-para-todos-festival-concentrico-y-laura-mullor\/#primaryimage"},"image":{"@id":"https:\/\/blogs.santosochoa.es\/logrono\/mindfulness-para-todos-festival-concentrico-y-laura-mullor\/#primaryimage"},"thumbnailUrl":"https:\/\/blogs.santosochoa.es\/logrono\/wp-content\/uploads\/sites\/2\/2019\/03\/mindfulness-para-todos.jpg","datePublished":"2019-04-11T11:24:52+00:00","dateModified":"2019-04-12T12:14:26+00:00","author":{"@id":"https:\/\/blogs.santosochoa.es\/logrono\/#\/schema\/person\/103664eb8c60fbeea1880c704687c2e3"},"description":"Esta semana en Santos Ochoa Logro\u00f1o... Mindfulness Para Todos con Javier Garc\u00eda Campayo, Arquitectura y Edici\u00f3n con Mois\u00e9s Puente, Firma de Libros de Laura Mullor","breadcrumb":{"@id":"https:\/\/blogs.santosochoa.es\/logrono\/mindfulness-para-todos-festival-concentrico-y-laura-mullor\/#breadcrumb"},"inLanguage":"es","potentialAction":[{"@type":"ReadAction","target":["https:\/\/blogs.santosochoa.es\/logrono\/mindfulness-para-todos-festival-concentrico-y-laura-mullor\/"]}]},{"@type":"ImageObject","inLanguage":"es","@id":"https:\/\/blogs.santosochoa.es\/logrono\/mindfulness-para-todos-festival-concentrico-y-laura-mullor\/#primaryimage","url":"https:\/\/blogs.santosochoa.es\/logrono\/wp-content\/uploads\/sites\/2\/2019\/03\/mindfulness-para-todos.jpg","contentUrl":"https:\/\/blogs.santosochoa.es\/logrono\/wp-content\/uploads\/sites\/2\/2019\/03\/mindfulness-para-todos.jpg","width":591,"height":896},{"@type":"BreadcrumbList","@id":"https:\/\/blogs.santosochoa.es\/logrono\/mindfulness-para-todos-festival-concentrico-y-laura-mullor\/#breadcrumb","itemListElement":[{"@type":"ListItem","position":1,"name":"Home","item":"https:\/\/blogs.santosochoa.es\/logrono\/"},{"@type":"ListItem","position":2,"name":"Cuentacuentos, Mindfulness, Festival Conc\u00e9ntrico y Laura Mullor"}]},{"@type":"WebSite","@id":"https:\/\/blogs.santosochoa.es\/logrono\/#website","url":"https:\/\/blogs.santosochoa.es\/logrono\/","name":"Santos Ochoa Logro\u00f1o","description":"Tu Librer\u00eda Online","potentialAction":[{"@type":"SearchAction","target":{"@type":"EntryPoint","urlTemplate":"https:\/\/blogs.santosochoa.es\/logrono\/?s={search_term_string}"},"query-input":{"@type":"PropertyValueSpecification","valueRequired":true,"valueName":"search_term_string"}}],"inLanguage":"es"},{"@type":"Person","@id":"https:\/\/blogs.santosochoa.es\/logrono\/#\/schema\/person\/103664eb8c60fbeea1880c704687c2e3","name":"Santos Ochoa Logro\u00f1o","sameAs":["http:\/\/santosochoa.es","https:\/\/www.facebook.com\/santosochoalog","https:\/\/www.instagram.com\/santosochoalog\/","https:\/\/x.com\/santosochoalog","https:\/\/www.youtube.com\/c\/SantosOchoaLibros"]}]}},"_links":{"self":[{"href":"https:\/\/blogs.santosochoa.es\/logrono\/wp-json\/wp\/v2\/posts\/1069","targetHints":{"allow":["GET"]}}],"collection":[{"href":"https:\/\/blogs.santosochoa.es\/logrono\/wp-json\/wp\/v2\/posts"}],"about":[{"href":"https:\/\/blogs.santosochoa.es\/logrono\/wp-json\/wp\/v2\/types\/post"}],"author":[{"embeddable":true,"href":"https:\/\/blogs.santosochoa.es\/logrono\/wp-json\/wp\/v2\/users\/4"}],"replies":[{"embeddable":true,"href":"https:\/\/blogs.santosochoa.es\/logrono\/wp-json\/wp\/v2\/comments?post=1069"}],"version-history":[{"count":3,"href":"https:\/\/blogs.santosochoa.es\/logrono\/wp-json\/wp\/v2\/posts\/1069\/revisions"}],"predecessor-version":[{"id":1075,"href":"https:\/\/blogs.santosochoa.es\/logrono\/wp-json\/wp\/v2\/posts\/1069\/revisions\/1075"}],"wp:featuredmedia":[{"embeddable":true,"href":"https:\/\/blogs.santosochoa.es\/logrono\/wp-json\/wp\/v2\/media\/1033"}],"wp:attachment":[{"href":"https:\/\/blogs.santosochoa.es\/logrono\/wp-json\/wp\/v2\/media?parent=1069"}],"wp:term":[{"taxonomy":"category","embeddable":true,"href":"https:\/\/blogs.santosochoa.es\/logrono\/wp-json\/wp\/v2\/categories?post=1069"},{"taxonomy":"post_tag","embeddable":true,"href":"https:\/\/blogs.santosochoa.es\/logrono\/wp-json\/wp\/v2\/tags?post=1069"}],"curies":[{"name":"wp","href":"https:\/\/api.w.org\/{rel}","templated":true}]}}