{"id":1011,"date":"2019-03-21T11:34:55","date_gmt":"2019-03-21T10:34:55","guid":{"rendered":"https:\/\/blogs.santosochoa.es\/logrono\/?p=1011"},"modified":"2019-03-21T11:34:57","modified_gmt":"2019-03-21T10:34:57","slug":"javier-castillo-elisabet-benavent-borja-monreal-sara-herreras-y-feria-de-comuniones","status":"publish","type":"post","link":"https:\/\/blogs.santosochoa.es\/logrono\/javier-castillo-elisabet-benavent-borja-monreal-sara-herreras-y-feria-de-comuniones\/","title":{"rendered":"Javier Castillo, El\u00edsabet Benavent, Borja Monreal, Sara Herreras y Feria de Comuniones"},"content":{"rendered":"\n<h2 class=\"wp-block-heading\"><strong>La escritora logro\u00f1esa Sara Herreras presenta la novela fant\u00e1stica <\/strong><em><strong>Luna de sangre<\/strong><\/em><\/h2>\n\n\n\n<h3 class=\"wp-block-heading\">Mi\u00e9rcoles 27 de marzo, a las 19:30 h.<\/h3>\n\n\n\n<h4 class=\"wp-block-heading\">Espacio Santos Ochoa. Calvo Sotelo, 19<\/h4>\n\n\n\n<div class=\"wp-block-image\"><figure class=\"alignleft is-resized\"><img loading=\"lazy\" decoding=\"async\" src=\"https:\/\/blogs.santosochoa.es\/logrono\/wp-content\/uploads\/sites\/2\/2019\/02\/luna-de-sangre_sara-herreras.jpg\" alt=\"\" class=\"wp-image-963\" width=\"199\" height=\"318\" srcset=\"https:\/\/blogs.santosochoa.es\/logrono\/wp-content\/uploads\/sites\/2\/2019\/02\/luna-de-sangre_sara-herreras.jpg 591w, https:\/\/blogs.santosochoa.es\/logrono\/wp-content\/uploads\/sites\/2\/2019\/02\/luna-de-sangre_sara-herreras-188x300.jpg 188w\" sizes=\"auto, (max-width: 199px) 100vw, 199px\" \/><\/figure><\/div>\n\n\n\n<h5 class=\"wp-block-heading\"><strong>Bienvenida a la Sociedad de la Luna Sangrienta. Durante\nsiglos, el dios de la oscuridad y la muerte, Fung\u00efud, ha bendecido en secreto a\nun pu\u00f1ado de elegidos para que posean la magia de la sangre. Una magia\nprohibida y perseguida. Una maldici\u00f3n.<\/strong><\/h5>\n\n\n\n<p>Gwendolyn Ondwair ha recibido el don del dios\noscuro. Debe adaptarse y aprender a vivir con \u00e9l, sin dejarse arrastrar por el\nansia de destrucci\u00f3n que bulle en su interior. En la Sociedad de la Luna\nSangrienta, creada como refugio para los benditos del dios oscuro, Gwen hallar\u00e1\naliados y maestros, pero tambi\u00e9n enemigos, as\u00ed como la sombra de un terror m\u00e1s\nprofundo que el que inspira el propio Fung\u00efud.<\/p>\n\n\n\n<p>Llega la Era Carmes\u00ed, y de la correcta\nelecci\u00f3n de bando podr\u00eda depender el destino de todo un mundo.<\/p>\n\n\n\n<p><strong>Sara Herreras Castel<\/strong> (Logro\u00f1o, 1987) es escritora, ilustradora y licenciada en Qu\u00edmica, especializada en calidad en industria. En 2015 public\u00f3 el primer libro que inici\u00f3 la saga <em>Cenystel<\/em>. Entre sus obras destacan la trilog\u00eda <em>Destino de hada,<\/em> <em>Maldici\u00f3n de hada<\/em> y la precuela <em>Chispas de Salamandra<\/em>. En la actualidad compagina su blog de rese\u00f1as literarias, <em>La utop\u00eda de Casiopea<\/em>, con su carrera profesional y la escritura, continuando con la exploraci\u00f3n de la saga <em>Cenystel<\/em>.<\/p>\n\n\n\n<div style=\"height:40px\" aria-hidden=\"true\" class=\"wp-block-spacer\"><\/div>\n\n\n\n<p>CICLO EL ARTE DE\nVIVIR<\/p>\n\n\n\n<h2 class=\"wp-block-heading\"><em><strong>Ser pobre<\/strong><\/em><strong>. Charla y libro del periodista y cooperante Borja Monreal<\/strong><\/h2>\n\n\n\n<h3 class=\"wp-block-heading\">Jueves 28 de marzo, a las 19:00 h.<\/h3>\n\n\n\n<h4 class=\"wp-block-heading\">Espacio Santos Ochoa. Calvo Sotelo, 19<\/h4>\n\n\n\n<div class=\"wp-block-image\"><figure class=\"alignright is-resized\"><img loading=\"lazy\" decoding=\"async\" src=\"https:\/\/blogs.santosochoa.es\/logrono\/wp-content\/uploads\/sites\/2\/2019\/02\/ser-pobre_borja-monreal.jpg\" alt=\"\" class=\"wp-image-965\" width=\"203\" height=\"337\" srcset=\"https:\/\/blogs.santosochoa.es\/logrono\/wp-content\/uploads\/sites\/2\/2019\/02\/ser-pobre_borja-monreal.jpg 591w, https:\/\/blogs.santosochoa.es\/logrono\/wp-content\/uploads\/sites\/2\/2019\/02\/ser-pobre_borja-monreal-180x300.jpg 180w\" sizes=\"auto, (max-width: 203px) 100vw, 203px\" \/><\/figure><\/div>\n\n\n\n<h5 class=\"wp-block-heading\"><strong><em>\u00abLa apreciaci\u00f3n que uno tiene entre lo que\nes y lo que ha sido, entre el \u00e9xito y el fracaso es la que nos hace sentir miserable\u00bb.<\/em><\/strong><\/h5>\n\n\n\n<h5 class=\"wp-block-heading\"><strong>Con un pie en las universidades de \u00e9lite del Reino Unido\ny otro en el restaurante de techo de chapa de C\u00e2ndida, en el altiplano angole\u00f1o.\nSolo as\u00ed puede uno aproximarse a un fen\u00f3meno complejo y multidimensional como\nes la pobreza. Cada p\u00e1rrafo de <em>Ser pobre<\/em>\nes una perla obtenida en un lugar inaccesible.<\/strong><\/h5>\n\n\n\n<p>\u00abLo peor de la pobreza es su silencio. No se\noye, ni se ve, ni se puede tocar\u00bb<\/p>\n\n\n\n<p><strong>Borja\nMonreal <\/strong>naci\u00f3 en Navarra y creci\u00f3\nen Logro\u00f1o. A los dieciocho a\u00f1os fue a vivir a Madrid donde estudi\u00f3 Periodismo.\nDesde entonces ha vivido en Angola y ha viajado por todo el continente africano\nintentado entender las relaciones humanas. Buscando siempre lo que une. Ha\ntrabajado de analista de mercados, como delegado de una empresa multinacional y\nde una ONG para acabar consolidando su carrera el mundo de la cooperaci\u00f3n. Ha estudiado\nun m\u00e1ster en relaciones internacionales, otro en pol\u00edticas industriales en\npa\u00edses en desarrollo, y un MBA. <\/p>\n\n\n\n<p>En 2012 recibi\u00f3 el Premio Francisco Yndurain de las Letras de la Asociaci\u00f3n Bilaketa por la obra <em>Angola, la intensidad de SER humano<\/em>. Recientemente ha sido galardonado con el Premio Benito P\u00e9rez Armas de Novela de la Fundaci\u00f3n Caja Canarias por la novela <em>El sue\u00f1o eterno de Kianda<\/em>.<\/p>\n\n\n\n<div style=\"height:40px\" aria-hidden=\"true\" class=\"wp-block-spacer\"><\/div>\n\n\n\n<h2 class=\"wp-block-heading\"><strong>Firma de libros de El\u00edsabet Benavent. <\/strong><em><strong>Toda la verdad de mis mentiras<\/strong><\/em><\/h2>\n\n\n\n<h3 class=\"wp-block-heading\">Viernes 29 de marzo, de 18:00 a 20:30 h.<\/h3>\n\n\n\n<h4 class=\"wp-block-heading\">Espacio Santos Ochoa. Calvo Sotelo, 19<\/h4>\n\n\n\n<div class=\"wp-block-image\"><figure class=\"alignleft is-resized\"><img loading=\"lazy\" decoding=\"async\" src=\"https:\/\/blogs.santosochoa.es\/logrono\/wp-content\/uploads\/sites\/2\/2019\/02\/toda-la-verdad-de-mis-mentiras_elisabet-benavent.jpg\" alt=\"\" class=\"wp-image-967\" width=\"199\" height=\"305\" srcset=\"https:\/\/blogs.santosochoa.es\/logrono\/wp-content\/uploads\/sites\/2\/2019\/02\/toda-la-verdad-de-mis-mentiras_elisabet-benavent.jpg 591w, https:\/\/blogs.santosochoa.es\/logrono\/wp-content\/uploads\/sites\/2\/2019\/02\/toda-la-verdad-de-mis-mentiras_elisabet-benavent-196x300.jpg 196w\" sizes=\"auto, (max-width: 199px) 100vw, 199px\" \/><\/figure><\/div>\n\n\n\n<h5 class=\"wp-block-heading\"><strong>El\u00edsabet Benavent, @Betacoqueta, vuelve con una novela\noriginal, una propuesta diferente que aborda las contradicciones de un grupo de\namigos que se ve obligado a mentir para dejar de sentir. Un road trip\ndivertido, surrealista, donde todo puede suceder. Una aventura en carretera que\nhabla de la verdad que se esconde detr\u00e1s de todas las mentiras.<\/strong><\/h5>\n\n\n\n<p>\u00bfPuede mantenerse una amistad a pesar de las\nmentiras?<\/p>\n\n\n\n<p><em>\u00abEl\u00edsabet\nnos da las mejores historias, esas que te hacen vivir el libro de forma intensa.\nAlgo que consigue en todas y cada una de sus novelas.\u00bb<\/em><\/p>\n\n\n\n<p><strong>El\u00edsabet Benavent<\/strong> (Valencia, 1984) es licenciada en Comunicaci\u00f3n Audiovisual y m\u00e1ster en Comunicaci\u00f3n y Arte. Ha trabajado en el Departamento de Comunicaci\u00f3n de una multinacional y su pasi\u00f3n es la escritura. Es autora de las novelas <em>En los zapatos de Valeria, Valeria en el espejo, Valeria en blanco y negro, Valeria al desnudo, Persiguiendo a Silvia, Encontrando a Silvia, Alguien que no soy, Alguien como t\u00fa, Alguien como yo, El diario de Lola, Martina con vistas al mar, Martina en tierra firme, Mi isla, La magia de ser Sof\u00eda, La magia de ser nosotros, Este cuaderno es para m\u00ed, Fuimos canciones y Seremos recuerdos<\/em>. Todas ellas \u00e9xitos de cr\u00edtica y ventas con m\u00e1s de 1.200.000 de ejemplares vendidos.<\/p>\n\n\n\n<div style=\"height:40px\" aria-hidden=\"true\" class=\"wp-block-spacer\"><\/div>\n\n\n\n<h2 class=\"wp-block-heading\"><strong>Firma de libros de Javier Castillo. <\/strong><em><strong>Todo lo que sucedi\u00f3 con Miranda Huff<\/strong><\/em><\/h2>\n\n\n\n<h3 class=\"wp-block-heading\">S\u00e1bado 30 de marzo, de 12 a 14 h.<\/h3>\n\n\n\n<h4 class=\"wp-block-heading\"><strong>Librer\u00eda Santos Ochoa GRAN V\u00cdA, 55<\/strong><\/h4>\n\n\n\n<div class=\"wp-block-image\"><figure class=\"alignright is-resized\"><img loading=\"lazy\" decoding=\"async\" src=\"https:\/\/blogs.santosochoa.es\/logrono\/wp-content\/uploads\/sites\/2\/2019\/03\/todo-lo-que-sucedio-con-belinda-huff_javier-castillo.jpg\" alt=\"\" class=\"wp-image-994\" width=\"199\" height=\"305\" srcset=\"https:\/\/blogs.santosochoa.es\/logrono\/wp-content\/uploads\/sites\/2\/2019\/03\/todo-lo-que-sucedio-con-belinda-huff_javier-castillo.jpg 591w, https:\/\/blogs.santosochoa.es\/logrono\/wp-content\/uploads\/sites\/2\/2019\/03\/todo-lo-que-sucedio-con-belinda-huff_javier-castillo-196x300.jpg 196w\" sizes=\"auto, (max-width: 199px) 100vw, 199px\" \/><\/figure><\/div>\n\n\n\n<h5 class=\"wp-block-heading\"><strong>Tras el \u00e9xito arrollador de <em>El d\u00eda que se perdi\u00f3 la cordura<\/em> y <em>El d\u00eda que se perdi\u00f3 el amor<\/em>, Javier Castillo, maestro del suspense, despliega su virtuosismo narrativo para profundizar en los misterios de lo cotidiano, all\u00ed donde permanecen ocultos los miedos m\u00e1s primarios. Una experiencia de lectura palpitante y en\u00e9rgica que corta la respiraci\u00f3n.<\/strong><\/h5>\n\n\n\n<p>Una pareja en crisis decide pasar un fin de\nsemana de retiro en una caba\u00f1a en el bosque en Hidden Springs, pero cuando Ryan\nHuff llega para encontrarse con Miranda la puerta est\u00e1 abierta, hay dos copas\nde vino sobre la mesa, nadie en el interior y el cuarto de ba\u00f1o se encuentra\nlleno de sangre.<\/p>\n\n\n\n<p><em>Todo\nlo que sucedi\u00f3 con Miranda Huff<\/em> es un thriller psicol\u00f3gico de ritmo vertiginoso donde parece imposible\nencontrar a Miranda con vida. Lo que Ryan desconoce es que la desaparici\u00f3n de\nsu mujer conecta su historia con la de su mentor, el gran James Black, y con el\ndescubrimiento del cad\u00e1ver de una mujer desaparecida treinta a\u00f1os atr\u00e1s en la\nmisma zona.<\/p>\n\n\n\n<p><strong>Javier Castillo<\/strong> creci\u00f3 en M\u00e1laga, estudi\u00f3 empresariales y un Master in Management en ESCP Europe. Ha trabajado como consultor de finanzas corporativas, pero abandon\u00f3 los n\u00fameros a ra\u00edz del \u00e9xito de su primera novela, <em>El d\u00eda que se perdi\u00f3 la cordura<\/em>, convertida en un fen\u00f3meno editorial, y cuyos derechos audiovisuales han sido adquiridos para la producci\u00f3n de una serie de televisi\u00f3n. Su segunda novela, <em>El d\u00eda que se perdi\u00f3 el amor<\/em>, afianz\u00f3 a Javier Castillo como maestro del suspense. <em>Todo lo que sucedi\u00f3 con Miranda Huff<\/em> es su tercera novela y supone su confirmaci\u00f3n como uno de los mejores escritores del g\u00e9nero.<\/p>\n\n\n\n<div style=\"height:40px\" aria-hidden=\"true\" class=\"wp-block-spacer\"><\/div>\n\n\n\n<h2 class=\"wp-block-heading\"><em><strong>Feria Creativa Especial Comuniones<\/strong><\/em><strong>: libros, \u00e1lbumes, fotograf\u00eda, pasteler\u00eda, decoraci\u00f3n, regalos, tocados\u2026<\/strong><\/h2>\n\n\n\n<h3 class=\"wp-block-heading\">S\u00e1bado 30 de marzo, de 11 a 14 y de 17:30 a 20:30 h<\/h3>\n\n\n\n<h4 class=\"wp-block-heading\">Espacio Santos Ochoa. Calvo Sotelo, 19.<\/h4>\n\n\n\n<div class=\"wp-block-image\"><figure class=\"alignleft is-resized\"><img loading=\"lazy\" decoding=\"async\" src=\"https:\/\/blogs.santosochoa.es\/logrono\/wp-content\/uploads\/sites\/2\/2019\/03\/20190330-feria-comuniones.jpg\" alt=\"\" class=\"wp-image-1014\" width=\"204\" height=\"288\" srcset=\"https:\/\/blogs.santosochoa.es\/logrono\/wp-content\/uploads\/sites\/2\/2019\/03\/20190330-feria-comuniones.jpg 709w, https:\/\/blogs.santosochoa.es\/logrono\/wp-content\/uploads\/sites\/2\/2019\/03\/20190330-feria-comuniones-212x300.jpg 212w\" sizes=\"auto, (max-width: 204px) 100vw, 204px\" \/><\/figure><\/div>\n\n\n\n<h5 class=\"wp-block-heading\"><strong>Si celebras la comuni\u00f3n de tus hijos este a\u00f1o y buscas\nideas para organizar la fiesta. O si vas de comuni\u00f3n y quieres encontrar un\nregalo original\u2026 Este s\u00e1bado te invitamos a una feria de ideas creativas, justo\nlo que necesitas.<\/strong><\/h5>\n\n\n\n<p>Podr\u00e1s ver, tocar, informarte y elegir entre\nlas propuestas de varias empresas riojanas que nos traen sus mejores ideas para\nese d\u00eda tan especial.<\/p>\n\n\n\n<p>Los tocados de <strong>Aifos<\/strong>; los \u00e1lbumes, marcos y otros detalles hechos a mano por <strong>Cukisue\u00f1a<\/strong>; los recordatorios, invitaciones y regalos de <strong>La Tortuguita Blanca<\/strong>; las fotos m\u00e1s especiales de <strong>Denisa Szidorak<\/strong>; la organizaci\u00f3n, planificaci\u00f3n y decoraciones de <strong>Be My Guest<\/strong>; y las mejores recomendaciones literarias de <strong>Santos Ochoa<\/strong> para ni\u00f1os de 8 y 9 a\u00f1os.<\/p>\n\n\n\n<p>Con esta feria queremos mostrar y apoyar el\ntrabajo de las empresas riojanas que tienen una filosof\u00eda donde el cari\u00f1o y la\npasi\u00f3n son la base de su buen hacer.<\/p>\n","protected":false},"excerpt":{"rendered":"<p>Esta semana en Santos Ochoa Logro\u00f1o: firmas de libros de Javier Castillo y El\u00edsabet Benavent, charla con el cooperante Borja Monreal, novela fant\u00e1stica con Sara Herreras y Feria Creativa Especial Comuniones.<\/p>\n","protected":false},"author":4,"featured_media":994,"comment_status":"closed","ping_status":"closed","sticky":false,"template":"","format":"standard","meta":{"footnotes":""},"categories":[12,13],"tags":[],"class_list":["post-1011","post","type-post","status-publish","format-standard","has-post-thumbnail","hentry","category-libros","category-libros-do-rioja"],"yoast_head":"<!-- This site is optimized with the Yoast SEO plugin v27.2 - https:\/\/yoast.com\/product\/yoast-seo-wordpress\/ -->\n<title>Javier Castillo, El\u00edsabet Benavent, Borja Monreal, Sara Herreras y Feria de Comuniones - Santos Ochoa Logro\u00f1o<\/title>\n<meta name=\"description\" content=\"Agenda de Santos Ochoa Logro\u00f1o: firmas de libros de Javier Castillo y El\u00edsabet Benavent, charla con el cooperante Borja Monreal, novela fant\u00e1stica con Sara Herreras y Feria Creativa Especial Comuniones.\" \/>\n<meta name=\"robots\" content=\"index, follow, max-snippet:-1, max-image-preview:large, max-video-preview:-1\" \/>\n<link rel=\"canonical\" href=\"https:\/\/blogs.santosochoa.es\/logrono\/javier-castillo-elisabet-benavent-borja-monreal-sara-herreras-y-feria-de-comuniones\/\" \/>\n<meta property=\"og:locale\" content=\"es_ES\" \/>\n<meta property=\"og:type\" content=\"article\" \/>\n<meta property=\"og:title\" content=\"Javier Castillo, El\u00edsabet Benavent, Borja Monreal, Sara Herreras y Feria de Comuniones - Santos Ochoa Logro\u00f1o\" \/>\n<meta property=\"og:description\" content=\"Agenda de Santos Ochoa Logro\u00f1o: firmas de libros de Javier Castillo y El\u00edsabet Benavent, charla con el cooperante Borja Monreal, novela fant\u00e1stica con Sara Herreras y Feria Creativa Especial Comuniones.\" \/>\n<meta property=\"og:url\" content=\"https:\/\/blogs.santosochoa.es\/logrono\/javier-castillo-elisabet-benavent-borja-monreal-sara-herreras-y-feria-de-comuniones\/\" \/>\n<meta property=\"og:site_name\" content=\"Santos Ochoa Logro\u00f1o\" \/>\n<meta property=\"article:author\" content=\"https:\/\/www.facebook.com\/santosochoalog\" \/>\n<meta property=\"article:published_time\" content=\"2019-03-21T10:34:55+00:00\" \/>\n<meta property=\"article:modified_time\" content=\"2019-03-21T10:34:57+00:00\" \/>\n<meta property=\"og:image\" content=\"https:\/\/blogs.santosochoa.es\/logrono\/wp-content\/uploads\/sites\/2\/2019\/03\/todo-lo-que-sucedio-con-belinda-huff_javier-castillo.jpg\" \/>\n\t<meta property=\"og:image:width\" content=\"591\" \/>\n\t<meta property=\"og:image:height\" content=\"905\" \/>\n\t<meta property=\"og:image:type\" content=\"image\/jpeg\" \/>\n<meta name=\"author\" content=\"Santos Ochoa Logro\u00f1o\" \/>\n<meta name=\"twitter:card\" content=\"summary_large_image\" \/>\n<meta name=\"twitter:creator\" content=\"@santosochoalog\" \/>\n<meta name=\"twitter:label1\" content=\"Written by\" \/>\n\t<meta name=\"twitter:data1\" content=\"Santos Ochoa Logro\u00f1o\" \/>\n\t<meta name=\"twitter:label2\" content=\"Est. reading time\" \/>\n\t<meta name=\"twitter:data2\" content=\"6 minutos\" \/>\n<script type=\"application\/ld+json\" class=\"yoast-schema-graph\">{\"@context\":\"https:\/\/schema.org\",\"@graph\":[{\"@type\":\"Article\",\"@id\":\"https:\/\/blogs.santosochoa.es\/logrono\/javier-castillo-elisabet-benavent-borja-monreal-sara-herreras-y-feria-de-comuniones\/#article\",\"isPartOf\":{\"@id\":\"https:\/\/blogs.santosochoa.es\/logrono\/javier-castillo-elisabet-benavent-borja-monreal-sara-herreras-y-feria-de-comuniones\/\"},\"author\":{\"name\":\"Santos Ochoa Logro\u00f1o\",\"@id\":\"https:\/\/blogs.santosochoa.es\/logrono\/#\/schema\/person\/103664eb8c60fbeea1880c704687c2e3\"},\"headline\":\"Javier Castillo, El\u00edsabet Benavent, Borja Monreal, Sara Herreras y Feria de Comuniones\",\"datePublished\":\"2019-03-21T10:34:55+00:00\",\"dateModified\":\"2019-03-21T10:34:57+00:00\",\"mainEntityOfPage\":{\"@id\":\"https:\/\/blogs.santosochoa.es\/logrono\/javier-castillo-elisabet-benavent-borja-monreal-sara-herreras-y-feria-de-comuniones\/\"},\"wordCount\":1297,\"image\":{\"@id\":\"https:\/\/blogs.santosochoa.es\/logrono\/javier-castillo-elisabet-benavent-borja-monreal-sara-herreras-y-feria-de-comuniones\/#primaryimage\"},\"thumbnailUrl\":\"https:\/\/blogs.santosochoa.es\/logrono\/wp-content\/uploads\/sites\/2\/2019\/03\/todo-lo-que-sucedio-con-belinda-huff_javier-castillo.jpg\",\"articleSection\":[\"libros\",\"libros do rioja\"],\"inLanguage\":\"es\"},{\"@type\":\"WebPage\",\"@id\":\"https:\/\/blogs.santosochoa.es\/logrono\/javier-castillo-elisabet-benavent-borja-monreal-sara-herreras-y-feria-de-comuniones\/\",\"url\":\"https:\/\/blogs.santosochoa.es\/logrono\/javier-castillo-elisabet-benavent-borja-monreal-sara-herreras-y-feria-de-comuniones\/\",\"name\":\"Javier Castillo, El\u00edsabet Benavent, Borja Monreal, Sara Herreras y Feria de Comuniones - Santos Ochoa Logro\u00f1o\",\"isPartOf\":{\"@id\":\"https:\/\/blogs.santosochoa.es\/logrono\/#website\"},\"primaryImageOfPage\":{\"@id\":\"https:\/\/blogs.santosochoa.es\/logrono\/javier-castillo-elisabet-benavent-borja-monreal-sara-herreras-y-feria-de-comuniones\/#primaryimage\"},\"image\":{\"@id\":\"https:\/\/blogs.santosochoa.es\/logrono\/javier-castillo-elisabet-benavent-borja-monreal-sara-herreras-y-feria-de-comuniones\/#primaryimage\"},\"thumbnailUrl\":\"https:\/\/blogs.santosochoa.es\/logrono\/wp-content\/uploads\/sites\/2\/2019\/03\/todo-lo-que-sucedio-con-belinda-huff_javier-castillo.jpg\",\"datePublished\":\"2019-03-21T10:34:55+00:00\",\"dateModified\":\"2019-03-21T10:34:57+00:00\",\"author\":{\"@id\":\"https:\/\/blogs.santosochoa.es\/logrono\/#\/schema\/person\/103664eb8c60fbeea1880c704687c2e3\"},\"description\":\"Agenda de Santos Ochoa Logro\u00f1o: firmas de libros de Javier Castillo y El\u00edsabet Benavent, charla con el cooperante Borja Monreal, novela fant\u00e1stica con Sara Herreras y Feria Creativa Especial Comuniones.\",\"breadcrumb\":{\"@id\":\"https:\/\/blogs.santosochoa.es\/logrono\/javier-castillo-elisabet-benavent-borja-monreal-sara-herreras-y-feria-de-comuniones\/#breadcrumb\"},\"inLanguage\":\"es\",\"potentialAction\":[{\"@type\":\"ReadAction\",\"target\":[\"https:\/\/blogs.santosochoa.es\/logrono\/javier-castillo-elisabet-benavent-borja-monreal-sara-herreras-y-feria-de-comuniones\/\"]}]},{\"@type\":\"ImageObject\",\"inLanguage\":\"es\",\"@id\":\"https:\/\/blogs.santosochoa.es\/logrono\/javier-castillo-elisabet-benavent-borja-monreal-sara-herreras-y-feria-de-comuniones\/#primaryimage\",\"url\":\"https:\/\/blogs.santosochoa.es\/logrono\/wp-content\/uploads\/sites\/2\/2019\/03\/todo-lo-que-sucedio-con-belinda-huff_javier-castillo.jpg\",\"contentUrl\":\"https:\/\/blogs.santosochoa.es\/logrono\/wp-content\/uploads\/sites\/2\/2019\/03\/todo-lo-que-sucedio-con-belinda-huff_javier-castillo.jpg\",\"width\":591,\"height\":905},{\"@type\":\"BreadcrumbList\",\"@id\":\"https:\/\/blogs.santosochoa.es\/logrono\/javier-castillo-elisabet-benavent-borja-monreal-sara-herreras-y-feria-de-comuniones\/#breadcrumb\",\"itemListElement\":[{\"@type\":\"ListItem\",\"position\":1,\"name\":\"Home\",\"item\":\"https:\/\/blogs.santosochoa.es\/logrono\/\"},{\"@type\":\"ListItem\",\"position\":2,\"name\":\"Javier Castillo, El\u00edsabet Benavent, Borja Monreal, Sara Herreras y Feria de Comuniones\"}]},{\"@type\":\"WebSite\",\"@id\":\"https:\/\/blogs.santosochoa.es\/logrono\/#website\",\"url\":\"https:\/\/blogs.santosochoa.es\/logrono\/\",\"name\":\"Santos Ochoa Logro\u00f1o\",\"description\":\"Tu Librer\u00eda Online\",\"potentialAction\":[{\"@type\":\"SearchAction\",\"target\":{\"@type\":\"EntryPoint\",\"urlTemplate\":\"https:\/\/blogs.santosochoa.es\/logrono\/?s={search_term_string}\"},\"query-input\":{\"@type\":\"PropertyValueSpecification\",\"valueRequired\":true,\"valueName\":\"search_term_string\"}}],\"inLanguage\":\"es\"},{\"@type\":\"Person\",\"@id\":\"https:\/\/blogs.santosochoa.es\/logrono\/#\/schema\/person\/103664eb8c60fbeea1880c704687c2e3\",\"name\":\"Santos Ochoa Logro\u00f1o\",\"sameAs\":[\"http:\/\/santosochoa.es\",\"https:\/\/www.facebook.com\/santosochoalog\",\"https:\/\/www.instagram.com\/santosochoalog\/\",\"https:\/\/x.com\/santosochoalog\",\"https:\/\/www.youtube.com\/c\/SantosOchoaLibros\"]}]}<\/script>\n<!-- \/ Yoast SEO plugin. -->","yoast_head_json":{"title":"Javier Castillo, El\u00edsabet Benavent, Borja Monreal, Sara Herreras y Feria de Comuniones - Santos Ochoa Logro\u00f1o","description":"Agenda de Santos Ochoa Logro\u00f1o: firmas de libros de Javier Castillo y El\u00edsabet Benavent, charla con el cooperante Borja Monreal, novela fant\u00e1stica con Sara Herreras y Feria Creativa Especial Comuniones.","robots":{"index":"index","follow":"follow","max-snippet":"max-snippet:-1","max-image-preview":"max-image-preview:large","max-video-preview":"max-video-preview:-1"},"canonical":"https:\/\/blogs.santosochoa.es\/logrono\/javier-castillo-elisabet-benavent-borja-monreal-sara-herreras-y-feria-de-comuniones\/","og_locale":"es_ES","og_type":"article","og_title":"Javier Castillo, El\u00edsabet Benavent, Borja Monreal, Sara Herreras y Feria de Comuniones - Santos Ochoa Logro\u00f1o","og_description":"Agenda de Santos Ochoa Logro\u00f1o: firmas de libros de Javier Castillo y El\u00edsabet Benavent, charla con el cooperante Borja Monreal, novela fant\u00e1stica con Sara Herreras y Feria Creativa Especial Comuniones.","og_url":"https:\/\/blogs.santosochoa.es\/logrono\/javier-castillo-elisabet-benavent-borja-monreal-sara-herreras-y-feria-de-comuniones\/","og_site_name":"Santos Ochoa Logro\u00f1o","article_author":"https:\/\/www.facebook.com\/santosochoalog","article_published_time":"2019-03-21T10:34:55+00:00","article_modified_time":"2019-03-21T10:34:57+00:00","og_image":[{"width":591,"height":905,"url":"https:\/\/blogs.santosochoa.es\/logrono\/wp-content\/uploads\/sites\/2\/2019\/03\/todo-lo-que-sucedio-con-belinda-huff_javier-castillo.jpg","type":"image\/jpeg"}],"author":"Santos Ochoa Logro\u00f1o","twitter_card":"summary_large_image","twitter_creator":"@santosochoalog","twitter_misc":{"Written by":"Santos Ochoa Logro\u00f1o","Est. reading time":"6 minutos"},"schema":{"@context":"https:\/\/schema.org","@graph":[{"@type":"Article","@id":"https:\/\/blogs.santosochoa.es\/logrono\/javier-castillo-elisabet-benavent-borja-monreal-sara-herreras-y-feria-de-comuniones\/#article","isPartOf":{"@id":"https:\/\/blogs.santosochoa.es\/logrono\/javier-castillo-elisabet-benavent-borja-monreal-sara-herreras-y-feria-de-comuniones\/"},"author":{"name":"Santos Ochoa Logro\u00f1o","@id":"https:\/\/blogs.santosochoa.es\/logrono\/#\/schema\/person\/103664eb8c60fbeea1880c704687c2e3"},"headline":"Javier Castillo, El\u00edsabet Benavent, Borja Monreal, Sara Herreras y Feria de Comuniones","datePublished":"2019-03-21T10:34:55+00:00","dateModified":"2019-03-21T10:34:57+00:00","mainEntityOfPage":{"@id":"https:\/\/blogs.santosochoa.es\/logrono\/javier-castillo-elisabet-benavent-borja-monreal-sara-herreras-y-feria-de-comuniones\/"},"wordCount":1297,"image":{"@id":"https:\/\/blogs.santosochoa.es\/logrono\/javier-castillo-elisabet-benavent-borja-monreal-sara-herreras-y-feria-de-comuniones\/#primaryimage"},"thumbnailUrl":"https:\/\/blogs.santosochoa.es\/logrono\/wp-content\/uploads\/sites\/2\/2019\/03\/todo-lo-que-sucedio-con-belinda-huff_javier-castillo.jpg","articleSection":["libros","libros do rioja"],"inLanguage":"es"},{"@type":"WebPage","@id":"https:\/\/blogs.santosochoa.es\/logrono\/javier-castillo-elisabet-benavent-borja-monreal-sara-herreras-y-feria-de-comuniones\/","url":"https:\/\/blogs.santosochoa.es\/logrono\/javier-castillo-elisabet-benavent-borja-monreal-sara-herreras-y-feria-de-comuniones\/","name":"Javier Castillo, El\u00edsabet Benavent, Borja Monreal, Sara Herreras y Feria de Comuniones - Santos Ochoa Logro\u00f1o","isPartOf":{"@id":"https:\/\/blogs.santosochoa.es\/logrono\/#website"},"primaryImageOfPage":{"@id":"https:\/\/blogs.santosochoa.es\/logrono\/javier-castillo-elisabet-benavent-borja-monreal-sara-herreras-y-feria-de-comuniones\/#primaryimage"},"image":{"@id":"https:\/\/blogs.santosochoa.es\/logrono\/javier-castillo-elisabet-benavent-borja-monreal-sara-herreras-y-feria-de-comuniones\/#primaryimage"},"thumbnailUrl":"https:\/\/blogs.santosochoa.es\/logrono\/wp-content\/uploads\/sites\/2\/2019\/03\/todo-lo-que-sucedio-con-belinda-huff_javier-castillo.jpg","datePublished":"2019-03-21T10:34:55+00:00","dateModified":"2019-03-21T10:34:57+00:00","author":{"@id":"https:\/\/blogs.santosochoa.es\/logrono\/#\/schema\/person\/103664eb8c60fbeea1880c704687c2e3"},"description":"Agenda de Santos Ochoa Logro\u00f1o: firmas de libros de Javier Castillo y El\u00edsabet Benavent, charla con el cooperante Borja Monreal, novela fant\u00e1stica con Sara Herreras y Feria Creativa Especial Comuniones.","breadcrumb":{"@id":"https:\/\/blogs.santosochoa.es\/logrono\/javier-castillo-elisabet-benavent-borja-monreal-sara-herreras-y-feria-de-comuniones\/#breadcrumb"},"inLanguage":"es","potentialAction":[{"@type":"ReadAction","target":["https:\/\/blogs.santosochoa.es\/logrono\/javier-castillo-elisabet-benavent-borja-monreal-sara-herreras-y-feria-de-comuniones\/"]}]},{"@type":"ImageObject","inLanguage":"es","@id":"https:\/\/blogs.santosochoa.es\/logrono\/javier-castillo-elisabet-benavent-borja-monreal-sara-herreras-y-feria-de-comuniones\/#primaryimage","url":"https:\/\/blogs.santosochoa.es\/logrono\/wp-content\/uploads\/sites\/2\/2019\/03\/todo-lo-que-sucedio-con-belinda-huff_javier-castillo.jpg","contentUrl":"https:\/\/blogs.santosochoa.es\/logrono\/wp-content\/uploads\/sites\/2\/2019\/03\/todo-lo-que-sucedio-con-belinda-huff_javier-castillo.jpg","width":591,"height":905},{"@type":"BreadcrumbList","@id":"https:\/\/blogs.santosochoa.es\/logrono\/javier-castillo-elisabet-benavent-borja-monreal-sara-herreras-y-feria-de-comuniones\/#breadcrumb","itemListElement":[{"@type":"ListItem","position":1,"name":"Home","item":"https:\/\/blogs.santosochoa.es\/logrono\/"},{"@type":"ListItem","position":2,"name":"Javier Castillo, El\u00edsabet Benavent, Borja Monreal, Sara Herreras y Feria de Comuniones"}]},{"@type":"WebSite","@id":"https:\/\/blogs.santosochoa.es\/logrono\/#website","url":"https:\/\/blogs.santosochoa.es\/logrono\/","name":"Santos Ochoa Logro\u00f1o","description":"Tu Librer\u00eda Online","potentialAction":[{"@type":"SearchAction","target":{"@type":"EntryPoint","urlTemplate":"https:\/\/blogs.santosochoa.es\/logrono\/?s={search_term_string}"},"query-input":{"@type":"PropertyValueSpecification","valueRequired":true,"valueName":"search_term_string"}}],"inLanguage":"es"},{"@type":"Person","@id":"https:\/\/blogs.santosochoa.es\/logrono\/#\/schema\/person\/103664eb8c60fbeea1880c704687c2e3","name":"Santos Ochoa Logro\u00f1o","sameAs":["http:\/\/santosochoa.es","https:\/\/www.facebook.com\/santosochoalog","https:\/\/www.instagram.com\/santosochoalog\/","https:\/\/x.com\/santosochoalog","https:\/\/www.youtube.com\/c\/SantosOchoaLibros"]}]}},"_links":{"self":[{"href":"https:\/\/blogs.santosochoa.es\/logrono\/wp-json\/wp\/v2\/posts\/1011","targetHints":{"allow":["GET"]}}],"collection":[{"href":"https:\/\/blogs.santosochoa.es\/logrono\/wp-json\/wp\/v2\/posts"}],"about":[{"href":"https:\/\/blogs.santosochoa.es\/logrono\/wp-json\/wp\/v2\/types\/post"}],"author":[{"embeddable":true,"href":"https:\/\/blogs.santosochoa.es\/logrono\/wp-json\/wp\/v2\/users\/4"}],"replies":[{"embeddable":true,"href":"https:\/\/blogs.santosochoa.es\/logrono\/wp-json\/wp\/v2\/comments?post=1011"}],"version-history":[{"count":3,"href":"https:\/\/blogs.santosochoa.es\/logrono\/wp-json\/wp\/v2\/posts\/1011\/revisions"}],"predecessor-version":[{"id":1015,"href":"https:\/\/blogs.santosochoa.es\/logrono\/wp-json\/wp\/v2\/posts\/1011\/revisions\/1015"}],"wp:featuredmedia":[{"embeddable":true,"href":"https:\/\/blogs.santosochoa.es\/logrono\/wp-json\/wp\/v2\/media\/994"}],"wp:attachment":[{"href":"https:\/\/blogs.santosochoa.es\/logrono\/wp-json\/wp\/v2\/media?parent=1011"}],"wp:term":[{"taxonomy":"category","embeddable":true,"href":"https:\/\/blogs.santosochoa.es\/logrono\/wp-json\/wp\/v2\/categories?post=1011"},{"taxonomy":"post_tag","embeddable":true,"href":"https:\/\/blogs.santosochoa.es\/logrono\/wp-json\/wp\/v2\/tags?post=1011"}],"curies":[{"name":"wp","href":"https:\/\/api.w.org\/{rel}","templated":true}]}}