{"id":100,"date":"2018-08-06T15:37:00","date_gmt":"2018-08-06T15:37:00","guid":{"rendered":""},"modified":"2018-09-20T15:51:51","modified_gmt":"2018-09-20T15:51:51","slug":"agosto-clandestino-en-santos-ochoa-2","status":"publish","type":"post","link":"https:\/\/blogs.santosochoa.es\/logrono\/agosto-clandestino-en-santos-ochoa-2\/","title":{"rendered":"Agosto Clandestino en Santos Ochoa"},"content":{"rendered":"<p><span style=\"font-size: large\"><span><span style=\"color: #990000\"><b><i>Agosto Clandestino<\/i><\/b><\/span><\/span><\/span><br \/><span style=\"font-size: large\">Julio y Agosto<\/span><br \/>Espacio Santos Ochoa. Nueva direcci\u00f3n: Calvo Sotelo, 19.<span style=\"color: #990000\"><br \/><\/span><\/p>\n<div style=\"clear: both;text-align: center\"><\/div>\n<div style=\"clear: both;text-align: center\"><\/div>\n<p><span style=\"color: #0b5394\"><b>Conversaciones, recitales, presentaciones&#8230; Ambientado con la VI Feria del Libro de Poes\u00eda y cuentacuentos de rimas para ni\u00f1os.<\/b><\/span><\/p>\n<div style=\"clear: both;text-align: center\"><a href=\"https:\/\/blogs.santosochoa.es\/logrono\/wp-content\/uploads\/sites\/2\/2018\/08\/38411916_2187246371521658_3519768700284567552_n.jpg\" style=\"clear: right;float: right;margin-bottom: 1em;margin-left: 1em\"><img loading=\"lazy\" decoding=\"async\" border=\"0\" height=\"400\" src=\"https:\/\/blogs.santosochoa.es\/logrono\/wp-content\/uploads\/sites\/2\/2018\/08\/38411916_2187246371521658_3519768700284567552_n-216x300.jpg\" width=\"287\" \/><\/a><\/div>\n<p><b>Viernes 27 de julio, a las 19:30 h.<\/b><br \/><span style=\"color: #990000\"><b>Txisco Mandom\u00e1n y Luis Alfonso Iglesias<\/b><\/span><br \/>Conversaci\u00f3n, recital y presentaci\u00f3n de Poemas impuros<i>&nbsp;<\/i>y de<i>&nbsp;Las esquinas del mundo<\/i>.<\/p>\n<p><b>Mi\u00e9rcoles 8 de agosto, a las 19:30 h.<\/b><br \/><span style=\"color: #990000\"><b>Rita Turza y Andr\u00e9s Pastor Almendros<\/b><\/span><br \/>Conversaci\u00f3n, recital y presentaci\u00f3n de&nbsp;<i>N\u00e1ufragos <\/i>y de<i>&nbsp;Como una sirena que me abraza (<\/i>R de rarezas).<\/p>\n<p><b>Martes 14 de agosto, a las 18:00 h.<\/b><br \/><span style=\"color: #990000\"><b>\u00c1ngel Gonz\u00e1lez<\/b><\/span><br \/><i>Crowdfundin y la literatura. La fuerza de la poes\u00eda.<\/i><\/p>\n<p><b>Martes 14 de agosto, a las 19:30 h.<\/b><br \/><span style=\"color: #990000\"><b>Janina Sfetcu y Javier Lostal\u00e9<\/b><\/span><br \/>Conversaci\u00f3n, recital y presentaci\u00f3n de los libros&nbsp;<i>El amor tiene instinto de francotirador&nbsp;<\/i>y de&nbsp;<i>Cielo<\/i>&nbsp;(Fundaci\u00f3n Jose Manuel Lara).<\/p>\n<p><b>Viernes 17 de agosto, a las 19:30 h.<\/b><br \/><span style=\"color: #990000\"><b>Julia Baigorri y Mar\u00eda Pilar Gorricho del Castillo<\/b><\/span><br \/>Conversaci\u00f3n, recital y presentaci\u00f3n de los libros&nbsp;<i>Er\u00f3tico crep\u00fasculo<\/i>&nbsp;(Endymion) y de&nbsp;<i>Mater amat\u00edsima<\/i>&nbsp;(Unaria Ediciones).<br \/><b><br \/><\/b><b>Mi\u00e9rcoles 22 de agosto, a las 19:30 h.<\/b><br \/><span style=\"color: #990000\"><b>V\u00edktor G\u00f3mez y Javier Gil<\/b><\/span><br \/>Conversaci\u00f3n, recital y presentaci\u00f3n de los libros <i>Otro decir por decir \/ Entredecir<\/i>&nbsp;y de&nbsp;<i>Poemas de la bancarrota y otros poemas<\/i>&nbsp;(Hudson).<br \/><b><br \/><\/b><b>Mi\u00e9rcoles 29 de agosto, a las 19:30 h.<\/b><br \/><span style=\"color: #990000\"><b>Pablo L\u00f3piz y Javier P\u00e9rez Barricarte<\/b><\/span><br \/>Conversaci\u00f3n, recital y presentaci\u00f3n de los libros <i>Estampas del infortunio<\/i>&nbsp;y de C<i>\u00f3mo vivir juntos&nbsp;<\/i>(Prensas Universitarias de Zaragoza) y de&nbsp;<i>Quiz\u00e1 nos baste la tierra <\/i>(Pre-textos)<i>.<\/i><br \/><i><br \/><\/i><b>Jueves 6 de septiembre, a las 19:30 h.<\/b><br \/><span style=\"color: #990000\"><b>Mar\u00eda Jos\u00e9 Marrod\u00e1n Marta R. Sobrecueva<\/b><\/span><br \/>Conversaci\u00f3n, recital y presentaci\u00f3n de los libros<i> Inventario den la ma\u00f1ana<\/i>&nbsp;y<i> Galer\u00edas<\/i>.<br \/><b><br \/><\/b><b>S\u00e1bado 8 de septiembre, a las 19:30 h.<\/b><br \/><span style=\"color: #990000\"><b>Sonia San Rom\u00e1n y Carmen Beltr\u00e1n<\/b><\/span><br \/>Conversaci\u00f3n, recital y presentaci\u00f3n de los libros&nbsp;<i>De la palabra hacia atr\u00e1s<\/i>&nbsp;y de La meteor\u00f3loga de s\u00ed misma<i>.<\/i><\/p>\n<p><span style=\"color: #990000\"><b>ACTIVIDADES INFANTILES &#8211;&nbsp;<\/b><b>Jueves de Rima<\/b><\/span><br \/><b>Del 26 de Julio al&nbsp; al 15 de agosto, de 18:30h a 20 h.<\/b><br \/>Cuentacuentos con rimas, para ni\u00f1os a partir de 3 a\u00f1os. Las sesiones tienen una duraci\u00f3n de 20\u00b4 y se inician a las 18:30 h, 19:00 h y 19:30 h. No es necesario inscribirse y es gratuito.<\/p>\n<p>jueves 26 de Julio : \u00abEl viejo y la margarita\u00bb<br \/>jueves 2 de Agosto: \u00abLa casa de la mosca fosca\u00bb<br \/>jueves 9 de Agosto: \u201c\u00bfC\u00f3mo esconder a un le\u00f3n?\u201d<br \/>jueves 16 de Agosto: \u201cPor una mosca de nada\u201d<\/p>\n<p><b><span style=\"color: #990000\">VI Feria del libro de poes\u00eda<\/span><\/b><br \/><b>Del 24 de julio al 31 de Agosto<\/b><br \/>De lunes a viernes: de 9:30 a 14:00 h. y de 17:00 a 21:00 h.<br \/>S\u00e1bados: de 10:00 a 14.00 h. y de 17:30 a 21:00 h<\/p>\n<p><b>Todas las noticias en&nbsp;<a href=\"https:\/\/www.facebook.com\/agostoclandestino\/\" target=\"_blank\">@agostoclandestino<\/a><\/b><br \/><b>Todos los libros en <a href=\"http:\/\/blogs.santosochoa.es\/\">blogs.santosochoa.es<\/a><\/b><\/p>\n","protected":false},"excerpt":{"rendered":"<p>Agosto ClandestinoJulio y AgostoEspacio Santos Ochoa. Nueva direcci\u00f3n: Calvo Sotelo, 19. Conversaciones, recitales, presentaciones&#8230; Ambientado con la VI Feria del Libro de Poes\u00eda y cuentacuentos de rimas para ni\u00f1os. Viernes 27 de julio, a las 19:30 h.Txisco Mandom\u00e1n y Luis Alfonso IglesiasConversaci\u00f3n, recital y presentaci\u00f3n de Poemas impuros&nbsp;y de&nbsp;Las esquinas del mundo. Mi\u00e9rcoles 8 de [&hellip;]<\/p>\n","protected":false},"author":4,"featured_media":396,"comment_status":"open","ping_status":"open","sticky":false,"template":"","format":"standard","meta":{"footnotes":""},"categories":[11],"tags":[],"class_list":["post-100","post","type-post","status-publish","format-standard","has-post-thumbnail","hentry","category-poesia"],"yoast_head":"<!-- This site is optimized with the Yoast SEO plugin v27.2 - https:\/\/yoast.com\/product\/yoast-seo-wordpress\/ -->\n<title>Agosto Clandestino en Santos Ochoa - Santos Ochoa Logro\u00f1o<\/title>\n<meta name=\"robots\" content=\"index, follow, max-snippet:-1, max-image-preview:large, max-video-preview:-1\" \/>\n<link rel=\"canonical\" href=\"https:\/\/blogs.santosochoa.es\/logrono\/agosto-clandestino-en-santos-ochoa-2\/\" \/>\n<meta property=\"og:locale\" content=\"es_ES\" \/>\n<meta property=\"og:type\" content=\"article\" \/>\n<meta property=\"og:title\" content=\"Agosto Clandestino en Santos Ochoa - Santos Ochoa Logro\u00f1o\" \/>\n<meta property=\"og:description\" content=\"Agosto ClandestinoJulio y AgostoEspacio Santos Ochoa. Nueva direcci\u00f3n: Calvo Sotelo, 19. Conversaciones, recitales, presentaciones&#8230; Ambientado con la VI Feria del Libro de Poes\u00eda y cuentacuentos de rimas para ni\u00f1os. Viernes 27 de julio, a las 19:30 h.Txisco Mandom\u00e1n y Luis Alfonso IglesiasConversaci\u00f3n, recital y presentaci\u00f3n de Poemas impuros&nbsp;y de&nbsp;Las esquinas del mundo. Mi\u00e9rcoles 8 de [&hellip;]\" \/>\n<meta property=\"og:url\" content=\"https:\/\/blogs.santosochoa.es\/logrono\/agosto-clandestino-en-santos-ochoa-2\/\" \/>\n<meta property=\"og:site_name\" content=\"Santos Ochoa Logro\u00f1o\" \/>\n<meta property=\"article:author\" content=\"https:\/\/www.facebook.com\/santosochoalog\" \/>\n<meta property=\"article:published_time\" content=\"2018-08-06T15:37:00+00:00\" \/>\n<meta property=\"article:modified_time\" content=\"2018-09-20T15:51:51+00:00\" \/>\n<meta property=\"og:image\" content=\"https:\/\/blogs.santosochoa.es\/logrono\/wp-content\/uploads\/sites\/2\/2018\/08\/38411916_2187246371521658_3519768700284567552_n.jpg\" \/>\n\t<meta property=\"og:image:width\" content=\"691\" \/>\n\t<meta property=\"og:image:height\" content=\"960\" \/>\n\t<meta property=\"og:image:type\" content=\"image\/jpeg\" \/>\n<meta name=\"author\" content=\"Santos Ochoa Logro\u00f1o\" \/>\n<meta name=\"twitter:card\" content=\"summary_large_image\" \/>\n<meta name=\"twitter:creator\" content=\"@santosochoalog\" \/>\n<meta name=\"twitter:label1\" content=\"Written by\" \/>\n\t<meta name=\"twitter:data1\" content=\"Santos Ochoa Logro\u00f1o\" \/>\n\t<meta name=\"twitter:label2\" content=\"Est. reading time\" \/>\n\t<meta name=\"twitter:data2\" content=\"2 minutos\" \/>\n<script type=\"application\/ld+json\" class=\"yoast-schema-graph\">{\"@context\":\"https:\/\/schema.org\",\"@graph\":[{\"@type\":\"Article\",\"@id\":\"https:\/\/blogs.santosochoa.es\/logrono\/agosto-clandestino-en-santos-ochoa-2\/#article\",\"isPartOf\":{\"@id\":\"https:\/\/blogs.santosochoa.es\/logrono\/agosto-clandestino-en-santos-ochoa-2\/\"},\"author\":{\"name\":\"Santos Ochoa Logro\u00f1o\",\"@id\":\"https:\/\/blogs.santosochoa.es\/logrono\/#\/schema\/person\/103664eb8c60fbeea1880c704687c2e3\"},\"headline\":\"Agosto Clandestino en Santos Ochoa\",\"datePublished\":\"2018-08-06T15:37:00+00:00\",\"dateModified\":\"2018-09-20T15:51:51+00:00\",\"mainEntityOfPage\":{\"@id\":\"https:\/\/blogs.santosochoa.es\/logrono\/agosto-clandestino-en-santos-ochoa-2\/\"},\"wordCount\":496,\"commentCount\":0,\"image\":{\"@id\":\"https:\/\/blogs.santosochoa.es\/logrono\/agosto-clandestino-en-santos-ochoa-2\/#primaryimage\"},\"thumbnailUrl\":\"https:\/\/blogs.santosochoa.es\/logrono\/wp-content\/uploads\/sites\/2\/2018\/08\/38411916_2187246371521658_3519768700284567552_n.jpg\",\"articleSection\":[\"poes\u00eda\"],\"inLanguage\":\"es\",\"potentialAction\":[{\"@type\":\"CommentAction\",\"name\":\"Comment\",\"target\":[\"https:\/\/blogs.santosochoa.es\/logrono\/agosto-clandestino-en-santos-ochoa-2\/#respond\"]}]},{\"@type\":\"WebPage\",\"@id\":\"https:\/\/blogs.santosochoa.es\/logrono\/agosto-clandestino-en-santos-ochoa-2\/\",\"url\":\"https:\/\/blogs.santosochoa.es\/logrono\/agosto-clandestino-en-santos-ochoa-2\/\",\"name\":\"Agosto Clandestino en Santos Ochoa - Santos Ochoa Logro\u00f1o\",\"isPartOf\":{\"@id\":\"https:\/\/blogs.santosochoa.es\/logrono\/#website\"},\"primaryImageOfPage\":{\"@id\":\"https:\/\/blogs.santosochoa.es\/logrono\/agosto-clandestino-en-santos-ochoa-2\/#primaryimage\"},\"image\":{\"@id\":\"https:\/\/blogs.santosochoa.es\/logrono\/agosto-clandestino-en-santos-ochoa-2\/#primaryimage\"},\"thumbnailUrl\":\"https:\/\/blogs.santosochoa.es\/logrono\/wp-content\/uploads\/sites\/2\/2018\/08\/38411916_2187246371521658_3519768700284567552_n.jpg\",\"datePublished\":\"2018-08-06T15:37:00+00:00\",\"dateModified\":\"2018-09-20T15:51:51+00:00\",\"author\":{\"@id\":\"https:\/\/blogs.santosochoa.es\/logrono\/#\/schema\/person\/103664eb8c60fbeea1880c704687c2e3\"},\"breadcrumb\":{\"@id\":\"https:\/\/blogs.santosochoa.es\/logrono\/agosto-clandestino-en-santos-ochoa-2\/#breadcrumb\"},\"inLanguage\":\"es\",\"potentialAction\":[{\"@type\":\"ReadAction\",\"target\":[\"https:\/\/blogs.santosochoa.es\/logrono\/agosto-clandestino-en-santos-ochoa-2\/\"]}]},{\"@type\":\"ImageObject\",\"inLanguage\":\"es\",\"@id\":\"https:\/\/blogs.santosochoa.es\/logrono\/agosto-clandestino-en-santos-ochoa-2\/#primaryimage\",\"url\":\"https:\/\/blogs.santosochoa.es\/logrono\/wp-content\/uploads\/sites\/2\/2018\/08\/38411916_2187246371521658_3519768700284567552_n.jpg\",\"contentUrl\":\"https:\/\/blogs.santosochoa.es\/logrono\/wp-content\/uploads\/sites\/2\/2018\/08\/38411916_2187246371521658_3519768700284567552_n.jpg\",\"width\":691,\"height\":960},{\"@type\":\"BreadcrumbList\",\"@id\":\"https:\/\/blogs.santosochoa.es\/logrono\/agosto-clandestino-en-santos-ochoa-2\/#breadcrumb\",\"itemListElement\":[{\"@type\":\"ListItem\",\"position\":1,\"name\":\"Home\",\"item\":\"https:\/\/blogs.santosochoa.es\/logrono\/\"},{\"@type\":\"ListItem\",\"position\":2,\"name\":\"Agosto Clandestino en Santos Ochoa\"}]},{\"@type\":\"WebSite\",\"@id\":\"https:\/\/blogs.santosochoa.es\/logrono\/#website\",\"url\":\"https:\/\/blogs.santosochoa.es\/logrono\/\",\"name\":\"Santos Ochoa Logro\u00f1o\",\"description\":\"Tu Librer\u00eda Online\",\"potentialAction\":[{\"@type\":\"SearchAction\",\"target\":{\"@type\":\"EntryPoint\",\"urlTemplate\":\"https:\/\/blogs.santosochoa.es\/logrono\/?s={search_term_string}\"},\"query-input\":{\"@type\":\"PropertyValueSpecification\",\"valueRequired\":true,\"valueName\":\"search_term_string\"}}],\"inLanguage\":\"es\"},{\"@type\":\"Person\",\"@id\":\"https:\/\/blogs.santosochoa.es\/logrono\/#\/schema\/person\/103664eb8c60fbeea1880c704687c2e3\",\"name\":\"Santos Ochoa Logro\u00f1o\",\"sameAs\":[\"http:\/\/santosochoa.es\",\"https:\/\/www.facebook.com\/santosochoalog\",\"https:\/\/www.instagram.com\/santosochoalog\/\",\"https:\/\/x.com\/santosochoalog\",\"https:\/\/www.youtube.com\/c\/SantosOchoaLibros\"]}]}<\/script>\n<!-- \/ Yoast SEO plugin. -->","yoast_head_json":{"title":"Agosto Clandestino en Santos Ochoa - Santos Ochoa Logro\u00f1o","robots":{"index":"index","follow":"follow","max-snippet":"max-snippet:-1","max-image-preview":"max-image-preview:large","max-video-preview":"max-video-preview:-1"},"canonical":"https:\/\/blogs.santosochoa.es\/logrono\/agosto-clandestino-en-santos-ochoa-2\/","og_locale":"es_ES","og_type":"article","og_title":"Agosto Clandestino en Santos Ochoa - Santos Ochoa Logro\u00f1o","og_description":"Agosto ClandestinoJulio y AgostoEspacio Santos Ochoa. Nueva direcci\u00f3n: Calvo Sotelo, 19. Conversaciones, recitales, presentaciones&#8230; Ambientado con la VI Feria del Libro de Poes\u00eda y cuentacuentos de rimas para ni\u00f1os. Viernes 27 de julio, a las 19:30 h.Txisco Mandom\u00e1n y Luis Alfonso IglesiasConversaci\u00f3n, recital y presentaci\u00f3n de Poemas impuros&nbsp;y de&nbsp;Las esquinas del mundo. Mi\u00e9rcoles 8 de [&hellip;]","og_url":"https:\/\/blogs.santosochoa.es\/logrono\/agosto-clandestino-en-santos-ochoa-2\/","og_site_name":"Santos Ochoa Logro\u00f1o","article_author":"https:\/\/www.facebook.com\/santosochoalog","article_published_time":"2018-08-06T15:37:00+00:00","article_modified_time":"2018-09-20T15:51:51+00:00","og_image":[{"width":691,"height":960,"url":"https:\/\/blogs.santosochoa.es\/logrono\/wp-content\/uploads\/sites\/2\/2018\/08\/38411916_2187246371521658_3519768700284567552_n.jpg","type":"image\/jpeg"}],"author":"Santos Ochoa Logro\u00f1o","twitter_card":"summary_large_image","twitter_creator":"@santosochoalog","twitter_misc":{"Written by":"Santos Ochoa Logro\u00f1o","Est. reading time":"2 minutos"},"schema":{"@context":"https:\/\/schema.org","@graph":[{"@type":"Article","@id":"https:\/\/blogs.santosochoa.es\/logrono\/agosto-clandestino-en-santos-ochoa-2\/#article","isPartOf":{"@id":"https:\/\/blogs.santosochoa.es\/logrono\/agosto-clandestino-en-santos-ochoa-2\/"},"author":{"name":"Santos Ochoa Logro\u00f1o","@id":"https:\/\/blogs.santosochoa.es\/logrono\/#\/schema\/person\/103664eb8c60fbeea1880c704687c2e3"},"headline":"Agosto Clandestino en Santos Ochoa","datePublished":"2018-08-06T15:37:00+00:00","dateModified":"2018-09-20T15:51:51+00:00","mainEntityOfPage":{"@id":"https:\/\/blogs.santosochoa.es\/logrono\/agosto-clandestino-en-santos-ochoa-2\/"},"wordCount":496,"commentCount":0,"image":{"@id":"https:\/\/blogs.santosochoa.es\/logrono\/agosto-clandestino-en-santos-ochoa-2\/#primaryimage"},"thumbnailUrl":"https:\/\/blogs.santosochoa.es\/logrono\/wp-content\/uploads\/sites\/2\/2018\/08\/38411916_2187246371521658_3519768700284567552_n.jpg","articleSection":["poes\u00eda"],"inLanguage":"es","potentialAction":[{"@type":"CommentAction","name":"Comment","target":["https:\/\/blogs.santosochoa.es\/logrono\/agosto-clandestino-en-santos-ochoa-2\/#respond"]}]},{"@type":"WebPage","@id":"https:\/\/blogs.santosochoa.es\/logrono\/agosto-clandestino-en-santos-ochoa-2\/","url":"https:\/\/blogs.santosochoa.es\/logrono\/agosto-clandestino-en-santos-ochoa-2\/","name":"Agosto Clandestino en Santos Ochoa - Santos Ochoa Logro\u00f1o","isPartOf":{"@id":"https:\/\/blogs.santosochoa.es\/logrono\/#website"},"primaryImageOfPage":{"@id":"https:\/\/blogs.santosochoa.es\/logrono\/agosto-clandestino-en-santos-ochoa-2\/#primaryimage"},"image":{"@id":"https:\/\/blogs.santosochoa.es\/logrono\/agosto-clandestino-en-santos-ochoa-2\/#primaryimage"},"thumbnailUrl":"https:\/\/blogs.santosochoa.es\/logrono\/wp-content\/uploads\/sites\/2\/2018\/08\/38411916_2187246371521658_3519768700284567552_n.jpg","datePublished":"2018-08-06T15:37:00+00:00","dateModified":"2018-09-20T15:51:51+00:00","author":{"@id":"https:\/\/blogs.santosochoa.es\/logrono\/#\/schema\/person\/103664eb8c60fbeea1880c704687c2e3"},"breadcrumb":{"@id":"https:\/\/blogs.santosochoa.es\/logrono\/agosto-clandestino-en-santos-ochoa-2\/#breadcrumb"},"inLanguage":"es","potentialAction":[{"@type":"ReadAction","target":["https:\/\/blogs.santosochoa.es\/logrono\/agosto-clandestino-en-santos-ochoa-2\/"]}]},{"@type":"ImageObject","inLanguage":"es","@id":"https:\/\/blogs.santosochoa.es\/logrono\/agosto-clandestino-en-santos-ochoa-2\/#primaryimage","url":"https:\/\/blogs.santosochoa.es\/logrono\/wp-content\/uploads\/sites\/2\/2018\/08\/38411916_2187246371521658_3519768700284567552_n.jpg","contentUrl":"https:\/\/blogs.santosochoa.es\/logrono\/wp-content\/uploads\/sites\/2\/2018\/08\/38411916_2187246371521658_3519768700284567552_n.jpg","width":691,"height":960},{"@type":"BreadcrumbList","@id":"https:\/\/blogs.santosochoa.es\/logrono\/agosto-clandestino-en-santos-ochoa-2\/#breadcrumb","itemListElement":[{"@type":"ListItem","position":1,"name":"Home","item":"https:\/\/blogs.santosochoa.es\/logrono\/"},{"@type":"ListItem","position":2,"name":"Agosto Clandestino en Santos Ochoa"}]},{"@type":"WebSite","@id":"https:\/\/blogs.santosochoa.es\/logrono\/#website","url":"https:\/\/blogs.santosochoa.es\/logrono\/","name":"Santos Ochoa Logro\u00f1o","description":"Tu Librer\u00eda Online","potentialAction":[{"@type":"SearchAction","target":{"@type":"EntryPoint","urlTemplate":"https:\/\/blogs.santosochoa.es\/logrono\/?s={search_term_string}"},"query-input":{"@type":"PropertyValueSpecification","valueRequired":true,"valueName":"search_term_string"}}],"inLanguage":"es"},{"@type":"Person","@id":"https:\/\/blogs.santosochoa.es\/logrono\/#\/schema\/person\/103664eb8c60fbeea1880c704687c2e3","name":"Santos Ochoa Logro\u00f1o","sameAs":["http:\/\/santosochoa.es","https:\/\/www.facebook.com\/santosochoalog","https:\/\/www.instagram.com\/santosochoalog\/","https:\/\/x.com\/santosochoalog","https:\/\/www.youtube.com\/c\/SantosOchoaLibros"]}]}},"_links":{"self":[{"href":"https:\/\/blogs.santosochoa.es\/logrono\/wp-json\/wp\/v2\/posts\/100","targetHints":{"allow":["GET"]}}],"collection":[{"href":"https:\/\/blogs.santosochoa.es\/logrono\/wp-json\/wp\/v2\/posts"}],"about":[{"href":"https:\/\/blogs.santosochoa.es\/logrono\/wp-json\/wp\/v2\/types\/post"}],"author":[{"embeddable":true,"href":"https:\/\/blogs.santosochoa.es\/logrono\/wp-json\/wp\/v2\/users\/4"}],"replies":[{"embeddable":true,"href":"https:\/\/blogs.santosochoa.es\/logrono\/wp-json\/wp\/v2\/comments?post=100"}],"version-history":[{"count":1,"href":"https:\/\/blogs.santosochoa.es\/logrono\/wp-json\/wp\/v2\/posts\/100\/revisions"}],"predecessor-version":[{"id":397,"href":"https:\/\/blogs.santosochoa.es\/logrono\/wp-json\/wp\/v2\/posts\/100\/revisions\/397"}],"wp:featuredmedia":[{"embeddable":true,"href":"https:\/\/blogs.santosochoa.es\/logrono\/wp-json\/wp\/v2\/media\/396"}],"wp:attachment":[{"href":"https:\/\/blogs.santosochoa.es\/logrono\/wp-json\/wp\/v2\/media?parent=100"}],"wp:term":[{"taxonomy":"category","embeddable":true,"href":"https:\/\/blogs.santosochoa.es\/logrono\/wp-json\/wp\/v2\/categories?post=100"},{"taxonomy":"post_tag","embeddable":true,"href":"https:\/\/blogs.santosochoa.es\/logrono\/wp-json\/wp\/v2\/tags?post=100"}],"curies":[{"name":"wp","href":"https:\/\/api.w.org\/{rel}","templated":true}]}}